{"id":10027,"date":"2021-09-09T01:08:00","date_gmt":"2021-09-09T04:08:00","guid":{"rendered":"http:\/\/panoramadelsur.com.ar\/?p=10027"},"modified":"2021-09-08T11:37:03","modified_gmt":"2021-09-08T14:37:03","slug":"el-seleccionado-argentino-enfrentara-a-bolivia-en-el-regreso-de-los-hinchas-luego-de-un-ano-y-medio","status":"publish","type":"post","link":"https:\/\/panoramadelsur.com.ar\/?p=10027","title":{"rendered":"EL SELECCIONADO ARGENTINO ENFRENTAR\u00c1 A BOLIVIA EN EL REGRESO DE LOS HINCHAS LUEGO DE UN A\u00d1O Y MEDIO"},"content":{"rendered":"\n<p>El seleccionado argentino de f\u00fatbol recibir\u00e1 este jueves a Bolivia en el partido de las Eliminatorias sudamericanas para el Mundial de Qatar 2022 que marcar\u00e1 el regreso del p\u00fablico a los estadios luego de de un a\u00f1o y medio y tambi\u00e9n el festejo por la conquista de la Copa Am\u00e9rica.<\/p>\n\n\n\n<p>El encuentro correspondiente a la d\u00e9cima fecha se disputar\u00e1 desde las 20.30 en el estadio Monumental, que abrir\u00e1 sus puertas para los 17 mil afortunados hinchas que consiguieron su entrada para alentar a Lionel Messi y a los campeones de Am\u00e9rica.<\/p>\n\n\n\n<p>El partido ser\u00e1 televisado por la TV P\u00fablica y TyC Sports y el arbitraje estar\u00e1 a cargo del peruano Kevin Ortega, quien ser\u00e1 asistido desde el VAR por su compatriota V\u00edctor Carrillo y en el AVAR por el paraguayo Milc\u00edades Sald\u00edvar.<\/p>\n\n\n\n<p>El equipo dirigido por Lionel Scaloni se presentar\u00e1 ante el p\u00fablico argentino luego de la hist\u00f3rica conquista de la Copa Am\u00e9rica en Brasil que cort\u00f3 una larga racha de 28 a\u00f1os sin t\u00edtulos para el seleccionado mayor.<\/p>\n\n\n\n<p>El partido que cerrar\u00e1 la participaci\u00f3n del equipo en la triple fecha del camino hacia Qatar 2022, luego de la victoria en Caracas ante Venezuela y el esc\u00e1ndalo que origin\u00f3 la suspensi\u00f3n del cl\u00e1sico ante Brasil, en San Pablo, tendr\u00e1 varios condimentos especiales.<\/p>\n\n\n\n<p>El p\u00fablico argentino volver\u00e1 a un estadio de f\u00fatbol luego de un a\u00f1o y cinco meses debido a las restricciones por la pandemia de coronavirus en una prueba piloto del Gobierno nacional que autoriz\u00f3 el ingreso del 30% del aforo del estadio de River Plate.<\/p>\n\n\n\n<p>La \u00faltima vez que el seleccionado jug\u00f3 con mayor\u00eda de hinchas argentinos fue el 8 de junio de 2019 en San Juan, en el marco de un amistoso contra Nicaragua (5-1) en la despedida antes de la Copa Am\u00e9rica de ese mismo a\u00f1o en Brasil.<\/p>\n\n\n\n<p>Para encontrar la \u00faltima presentaci\u00f3n del equipo \u00abalbiceleste\u00bb en el Antonio Vespucio Liberti hay que ir todav\u00eda m\u00e1s atr\u00e1s ya que fue el 5 de septiembre de 2017 en el partido de las Eliminatorias para el Mundial de Rusia 2018 ante Venezuela (1-1) con Jorge Sampaoli como entrenador.<\/p>\n\n\n\n<p>Despu\u00e9s, la AFA mud\u00f3 la local\u00eda del seleccionado a La Bombonera de Boca Juniors y el \u00faltimo partido fue en el flamante estadio \u00danico Madre de Ciudades de Santiago del Estero.<\/p>\n\n\n\n<p>El choque con el d\u00e9bil conjunto boliviano tambi\u00e9n tendr\u00e1 importancia en el plano deportivo ya que Argentina intentar\u00e1 mantenerse en la segunda posici\u00f3n del certamen clasificatorio.<\/p>\n\n\n\n<p>A la espera de lo que resuelva FIFA en torno al partido contra Brasil, el l\u00edder con 21 puntos, el equipo de Scaloni lo escolta con 15 unidades y tiene como perseguidores a Ecuador y Uruguay, con 13 y 12, respectivamente.<\/p>\n\n\n\n<p>Con respecto al partido que jug\u00f3 los primeros cinco minutos del fallido encuentro contra Brasil, el entrenador santafesino tendr\u00e1 que realizar tres variantes obligadas.<\/p>\n\n\n\n<p>El arquero Emiliano Mart\u00ednez, el defensor Cristian Romero y el mediocampista Giovani Lo Celso fueron desafectados, al igual que Emiliano Buend\u00eda, y volvieron a Europa para reincorporarse a sus clubes en Inglaterra tras haber viajado sin el aval de la Premier League.<\/p>\n\n\n\n<p>El reemplazante natural del \u00abDibu\u00bb Mart\u00ednez es Franco Armani, quien era titular antes de la irrupci\u00f3n del exIndependiente, pero el arquero de River Plate sufri\u00f3 una lesi\u00f3n en la rodilla derecha y tambi\u00e9n se qued\u00f3 afuera.<\/p>\n\n\n\n<p>Por lo tanto, el arco quedar\u00e1 a cargo de Juan Musso, el cuarto arquero por detr\u00e1s de Mart\u00ednez, Armani y Agust\u00edn Marches\u00edn, el otro ausente de la triple fecha por lesi\u00f3n.<\/p>\n\n\n\n<p>En la defensa se impone el ingreso de Germ\u00e1n Pezzella por el \u00abCuti\u00bb Romero pero las dudas pasan por el puesto que dej\u00f3 libre Lo Celso en el mediocampo.<\/p>\n\n\n\n<p>Las opciones que maneja el cuerpo t\u00e9cnico son las de Nicol\u00e1s Gonz\u00e1lez y Alejandro G\u00f3mez.<\/p>\n\n\n\n<p>El \u00abPapu\u00bb fue titular en el \u00faltimo choque contra Bolivia en la Copa Am\u00e9rica y se luci\u00f3 con el gol -tras asistencia de Messi- que abri\u00f3 el 4-1 definitivo.<\/p>\n\n\n\n<p>Bolivia, por su parte, buscar\u00e1 ser el invitado que arruina la fiesta pero el presente y la historia del equipo le juegan en contra.<\/p>\n\n\n\n<p>El venezolano C\u00e9sar Far\u00edas, entrenador de la \u00abverde\u00bb, llega muy cuestionado luego del empate ante Colombia (1-1) en La Paz y la derrota frente a Uruguay (4-2) en Montevideo que dejaron al equipo en la pen\u00faltima posici\u00f3n con 6 puntos sobre 24.<\/p>\n\n\n\n<p>El ciclo del venezolano comenz\u00f3 en septiembre de 2019 y de los 17 partidos que dirigi\u00f3 solo gan\u00f3 dos: un amistoso contra Hait\u00ed (3-1) y la \u00fanica victoria en las presentes Eliminatorias que fue en junio de este a\u00f1o ante Venezuela (3-1) en la altura de La Paz.<\/p>\n\n\n\n<p>Bolivia, adem\u00e1s, lleva 59 partidos de Eliminatorias sin ganar como visitante y los mejores resultados que consigui\u00f3 en territorio argentino fueron los empates consecutivos por 1-1 en 2011. El primero fue en julio en La Plata por la primera fecha de la Copa Am\u00e9rica y en noviembre se repiti\u00f3 el resultado en el Monumental por las Eliminatorias.<\/p>\n\n\n\n<p>El autor de ese gol fue el delantero Marcelo Moreno Martins, quien ya le marc\u00f3 cinco veces a la \u00abalbiceleste\u00bb y a los 34 a\u00f1os sigue vigente siendo el artillero de la clasificatoria con ocho gritos.<\/p>\n\n\n\n<p>=Probables formaciones=<\/p>\n\n\n\n<p>Argentina: Juan Musso; Gonzalo Montiel, Germ\u00e1n Pezzella, Nicol\u00e1s Otamendi y Marcos Acu\u00f1a; \u00c1ngel Di Mar\u00eda, Rodrigo De Paul, Leandro Paredes y Nicol\u00e1s Gonz\u00e1lez o Alejandro G\u00f3mez; Lionel Messi y Lautaro Mart\u00ednez. DT: Lionel Scaloni.<\/p>\n\n\n\n<p>Bolivia: Carlos Lampe; Jos\u00e9 Sagredo, Luis Haqu\u00edn, Adri\u00e1n Jusino y Jes\u00fas Sagredo; Leonel Justiniano y Mois\u00e9s Villarroel; Erwin Saavedra, Juan Carlos Arce, Rodrigo Ramallo; y Marcelo Moreno Martins. DT: C\u00e9sar Far\u00edas.<\/p>\n\n\n\n<p>Estadio: Monumental (Buenos Aires)<\/p>\n\n\n\n<p>\u00c1rbitro: Kevin Ortega (Per\u00fa)<\/p>\n\n\n\n<p>Hora: 20.30<\/p>\n\n\n\n<p>TV: TyC Sports y TV P\u00fablica.<\/p>\n","protected":false},"excerpt":{"rendered":"<p>El seleccionado<\/p>\n","protected":false},"author":1,"featured_media":39574,"comment_status":"open","ping_status":"open","sticky":false,"template":"","format":"standard","meta":{"footnotes":""},"categories":[6],"tags":[],"class_list":["post-10027","post","type-post","status-publish","format-standard","has-post-thumbnail","hentry","category-deportes"],"_links":{"self":[{"href":"https:\/\/panoramadelsur.com.ar\/index.php?rest_route=\/wp\/v2\/posts\/10027","targetHints":{"allow":["GET"]}}],"collection":[{"href":"https:\/\/panoramadelsur.com.ar\/index.php?rest_route=\/wp\/v2\/posts"}],"about":[{"href":"https:\/\/panoramadelsur.com.ar\/index.php?rest_route=\/wp\/v2\/types\/post"}],"author":[{"embeddable":true,"href":"https:\/\/panoramadelsur.com.ar\/index.php?rest_route=\/wp\/v2\/users\/1"}],"replies":[{"embeddable":true,"href":"https:\/\/panoramadelsur.com.ar\/index.php?rest_route=%2Fwp%2Fv2%2Fcomments&post=10027"}],"version-history":[{"count":1,"href":"https:\/\/panoramadelsur.com.ar\/index.php?rest_route=\/wp\/v2\/posts\/10027\/revisions"}],"predecessor-version":[{"id":10029,"href":"https:\/\/panoramadelsur.com.ar\/index.php?rest_route=\/wp\/v2\/posts\/10027\/revisions\/10029"}],"wp:featuredmedia":[{"embeddable":true,"href":"https:\/\/panoramadelsur.com.ar\/index.php?rest_route=\/wp\/v2\/media\/39574"}],"wp:attachment":[{"href":"https:\/\/panoramadelsur.com.ar\/index.php?rest_route=%2Fwp%2Fv2%2Fmedia&parent=10027"}],"wp:term":[{"taxonomy":"category","embeddable":true,"href":"https:\/\/panoramadelsur.com.ar\/index.php?rest_route=%2Fwp%2Fv2%2Fcategories&post=10027"},{"taxonomy":"post_tag","embeddable":true,"href":"https:\/\/panoramadelsur.com.ar\/index.php?rest_route=%2Fwp%2Fv2%2Ftags&post=10027"}],"curies":[{"name":"wp","href":"https:\/\/api.w.org\/{rel}","templated":true}]}}