{"id":10141,"date":"2021-09-13T12:07:51","date_gmt":"2021-09-13T15:07:51","guid":{"rendered":"http:\/\/panoramadelsur.com.ar\/?p=10141"},"modified":"2021-09-13T12:07:52","modified_gmt":"2021-09-13T15:07:52","slug":"los-contagios-de-coronavirus-cayeron-por-decimosexta-semana-en-la-provincia-de-buenos-aires","status":"publish","type":"post","link":"https:\/\/panoramadelsur.com.ar\/?p=10141","title":{"rendered":"LOS CONTAGIOS DE CORONAVIRUS CAYERON POR DECIMOSEXTA SEMANA EN LA PROVINCIA DE BUENOS AIRES"},"content":{"rendered":"\n<p>El jefe de Gabinete bonaerense, Carlos Bianco, destac\u00f3 el descenso de casos de coronavirus en la provincia de Buenos Aires por decimosexta semana consecutiva y destac\u00f3 que \u00abla vacuna le est\u00e1 ganando la batalla al coronavirus\u00bb.<\/p>\n\n\n\n<p>\u00abDecimosexta semana consecutiva de ca\u00edda de casos en Provincia, con un promedio diario de 798 casos: -27% respecto a la semana pasada y -93% respecto del pico de la segunda ola\u00bb, poste\u00f3 en las \u00faltimas horas Bianco en su cuenta oficial de Twitter.<\/p>\n\n\n\n<p>Bianco comparti\u00f3 un gr\u00e1fico que se\u00f1ala que en la semana del 24 al 30 de mayo los contagios de coronavirus ascend\u00edan a 10.973 mientras que en la semana posterior (31 de mayo al 6 de junio) se redujeron a 9.950.<\/p>\n\n\n\n<p>Luego, del 7 al 13 de junio, los casos de coronavirus bajaron a 8.294; en la semana siguiente (14 al 20 de junio) se ubicaron en 7016, y despu\u00e9s, en la cuarta semana de junio (21-27 de junio), fueron 6.314; para posteriormente descender hasta 5.965 (28 de junio al 4 de julio) y 4.717 (5-11 de julio).<\/p>\n\n\n\n<p>Entre el 12 y el 18 de julio los contagios fueron 4.477; entre el 19 y el 25 de julio llegaron a 3.610; despu\u00e9s, en la \u00faltima semana de julio (26 de julio-1\u00b0 de agosto), descendieron a 3.325.<\/p>\n\n\n\n<p>La disminuci\u00f3n continu\u00f3 en el mes en curso ya que en la semana del 2 al 8 de agosto los nuevos casos positivos de Covid llegaron a 3.050 mientras que en la \u00faltima semana, del 9 al 15 de agosto, bajaron a 2.247.<\/p>\n\n\n\n<p>En la semana del 16 al 22 de agosto los casos llegaron a 1.664; la semana del 23 al 29 de agosto bajaron a 1.431; entre el 30 de agosto y el 5 de septiembre descendieron a 1.100 y desde el 6 de septiembre a la fecha, bajaron a 814.<a href=\"javascript:void(0)\"><\/a><\/p>\n","protected":false},"excerpt":{"rendered":"<p>El jefe<\/p>\n","protected":false},"author":1,"featured_media":39574,"comment_status":"open","ping_status":"open","sticky":false,"template":"","format":"standard","meta":{"footnotes":""},"categories":[5],"tags":[],"class_list":["post-10141","post","type-post","status-publish","format-standard","has-post-thumbnail","hentry","category-provincia"],"_links":{"self":[{"href":"https:\/\/panoramadelsur.com.ar\/index.php?rest_route=\/wp\/v2\/posts\/10141","targetHints":{"allow":["GET"]}}],"collection":[{"href":"https:\/\/panoramadelsur.com.ar\/index.php?rest_route=\/wp\/v2\/posts"}],"about":[{"href":"https:\/\/panoramadelsur.com.ar\/index.php?rest_route=\/wp\/v2\/types\/post"}],"author":[{"embeddable":true,"href":"https:\/\/panoramadelsur.com.ar\/index.php?rest_route=\/wp\/v2\/users\/1"}],"replies":[{"embeddable":true,"href":"https:\/\/panoramadelsur.com.ar\/index.php?rest_route=%2Fwp%2Fv2%2Fcomments&post=10141"}],"version-history":[{"count":1,"href":"https:\/\/panoramadelsur.com.ar\/index.php?rest_route=\/wp\/v2\/posts\/10141\/revisions"}],"predecessor-version":[{"id":10142,"href":"https:\/\/panoramadelsur.com.ar\/index.php?rest_route=\/wp\/v2\/posts\/10141\/revisions\/10142"}],"wp:featuredmedia":[{"embeddable":true,"href":"https:\/\/panoramadelsur.com.ar\/index.php?rest_route=\/wp\/v2\/media\/39574"}],"wp:attachment":[{"href":"https:\/\/panoramadelsur.com.ar\/index.php?rest_route=%2Fwp%2Fv2%2Fmedia&parent=10141"}],"wp:term":[{"taxonomy":"category","embeddable":true,"href":"https:\/\/panoramadelsur.com.ar\/index.php?rest_route=%2Fwp%2Fv2%2Fcategories&post=10141"},{"taxonomy":"post_tag","embeddable":true,"href":"https:\/\/panoramadelsur.com.ar\/index.php?rest_route=%2Fwp%2Fv2%2Ftags&post=10141"}],"curies":[{"name":"wp","href":"https:\/\/api.w.org\/{rel}","templated":true}]}}