{"id":10196,"date":"2021-09-14T14:21:09","date_gmt":"2021-09-14T17:21:09","guid":{"rendered":"http:\/\/panoramadelsur.com.ar\/?p=10196"},"modified":"2021-09-14T14:21:11","modified_gmt":"2021-09-14T17:21:11","slug":"tolosa-paz-se-vienen-medidas-salariales-se-esta-trabajando-en-dar-respuestas-inmediatas","status":"publish","type":"post","link":"https:\/\/panoramadelsur.com.ar\/?p=10196","title":{"rendered":"TOLOSA PAZ: \u00abSE VIENEN MEDIDAS SALARIALES; SE EST\u00c1 TRABAJANDO EN DAR RESPUESTAS INMEDIATAS\u00bb"},"content":{"rendered":"\n<p>La primera candidata a diputada nacional por el Frente de Todos (FdT) en provincia de Buenos Aires, Victoria Tolosa Paz, reconoci\u00f3 hoy que el resultado electoral adverso para el oficialismo del domingo \u00faltimo \u00abtuvo un contenido de reclamos que hacen a lo salarial\u00bb, y adelant\u00f3 que en los pr\u00f3ximos d\u00edas \u00abse vendr\u00e1n medidas en ese sentido\u00bb.<\/p>\n\n\n\n<p>\u00abSe vendr\u00e1n medidas que tiene que ver con lo salarial y con los trabajadores, entre otros sectores. Ya tuvimos una reuni\u00f3n con el jefe de Gabinete (Santiago Cafiero) y con los ministros y se est\u00e1 trabajando fuerte en ver como dar respuestas inmediatas\u00bb, dijo Tolosa Paz en declaraciones a T\u00e9lam y otros medios en Almirante Brown.<\/p>\n\n\n\n<p>La candidata del FDT acompa\u00f1\u00f3 hoy al presidente Alberto Fern\u00e1ndez en su recorrida a la f\u00e1brica de envases Ball, en el parque industrial de Burzaco, una actividad en la que el mandatario anunciar\u00e1 tambi\u00e9n la puesta en marcha de 25 obras p\u00fablicas en 15 provincias.<\/p>\n\n\n\n<p>En ese marco, al hacer un an\u00e1lisis del resultado electoral del \u00faltimo domingo, la candidata asever\u00f3: \u00abFalt\u00f3 term\u00f3metro para darnos cuenta que hay un electorado que est\u00e1 en una situaci\u00f3n econ\u00f3mica dif\u00edcil, que no aguanta m\u00e1s, y que est\u00e1 realmente complicado en t\u00e9rmino de que &#8216;tengo trabajo pero soy pobre&#8217;, &#8216;tengo trabajo y no llego a fin de mes'\u00bb,<\/p>\n\n\n\n<p>\u00abTanto del presidente (Alberto Fern\u00e1ndez), como de Cristina (Fern\u00e1ndez de Kirchner), de Sergio (Massa) como de M\u00e1ximo Kirchner y el gobernador (Axel Kicillof), (tuvieron) para conmigo toda la fortaleza para la etapa que viene y por supuesto ning\u00fan reproche en t\u00e9rminos personales. Nosotros somos una fuerza pol\u00edtica que nos cargamos al hombro las responsabilidad de salir de esta situaci\u00f3n, de una elecci\u00f3n que fue mala en t\u00e9rminos de los apoyos que necesit\u00e1bamos para reconformar el rumbo\u00bb, destac\u00f3 Tolosa Paz.<\/p>\n\n\n\n<p>En un breve di\u00e1logo con la prensa, la candidata remarc\u00f3: \u00abSomos un frente pol\u00edtico que sabe muy bien hacia d\u00f3nde ir y hacia d\u00f3nde llevar el pa\u00eds, a la producci\u00f3n, la industria y el trabajo argentino. Ahora, las herramientas con las que disponemos hoy deben ser revisadas, porque hay una poblaci\u00f3n que nos dijo en las urnas &#8216;as\u00ed no&#8217;, con este salario definido no, con este nivel de inflaci\u00f3n no, con algunos problemas que est\u00e1n teniendo las familias no. Entonces lo que tenemos que hacer es corregir esas herramientas\u00bb.<\/p>\n\n\n\n<p>\u00abCreo tambi\u00e9n -a\u00f1adi\u00f3- que la vocaci\u00f3n del Presidente desde el domingo a la noche es eso, es escuchar, tomar nota y poder hacer una devoluci\u00f3n inmediata de las demandas, una devoluci\u00f3n en t\u00e9rminos pr\u00e1cticos y reales, de ver por ejemplo, c\u00f3mo le modificamos las demandas que fueron depositadas el domingo en las urnas\u00bb.<\/p>\n\n\n\n<p>Para la candidata, \u00abuna parte importante de ese 67 por ciento del padr\u00f3n que fue a votar el domingo nos dijo as\u00ed no, y hay cosas importantes que hay que modificar\u00bb.<\/p>\n\n\n\n<p>\u00abQueden 60 d\u00edas -reconoci\u00f3- y lo que tenemos en claro es que hay una fuerte demanda de la sociedad, reclamos que tambi\u00e9n hacen a lo salarial. Hay un retraso muy grande de los salarios, la destrucci\u00f3n de 22 puntos del salario real desde la gesti\u00f3n de (el expresidente Mauricio) Macri no se recompone de la ma\u00f1ana a la noche y mucho menos en pandemia\u00bb, puntualiz\u00f3.<\/p>\n\n\n\n<p>\u00abHay un sector importante de la sociedad, de los trabajadores, que no aguanta m\u00e1s, y que est\u00e1 realmente complicado en t\u00e9rmino de que tengo trabajo pero soy pobre, tengo trabajo y no llego a fin de mes, tengo trabajo y el d\u00eda 15 tengo que ver c\u00f3mo la pedaleo para llegar a fin de mes. Esta situaci\u00f3n es algo que debemos atender y resolver sobre la cuesti\u00f3n\u00bb, puntualiz\u00f3 finalmente.<a href=\"javascript:void(0)\"><\/a><\/p>\n","protected":false},"excerpt":{"rendered":"<p>La primera<\/p>\n","protected":false},"author":1,"featured_media":39574,"comment_status":"open","ping_status":"open","sticky":false,"template":"","format":"standard","meta":{"footnotes":""},"categories":[5],"tags":[],"class_list":["post-10196","post","type-post","status-publish","format-standard","has-post-thumbnail","hentry","category-provincia"],"_links":{"self":[{"href":"https:\/\/panoramadelsur.com.ar\/index.php?rest_route=\/wp\/v2\/posts\/10196","targetHints":{"allow":["GET"]}}],"collection":[{"href":"https:\/\/panoramadelsur.com.ar\/index.php?rest_route=\/wp\/v2\/posts"}],"about":[{"href":"https:\/\/panoramadelsur.com.ar\/index.php?rest_route=\/wp\/v2\/types\/post"}],"author":[{"embeddable":true,"href":"https:\/\/panoramadelsur.com.ar\/index.php?rest_route=\/wp\/v2\/users\/1"}],"replies":[{"embeddable":true,"href":"https:\/\/panoramadelsur.com.ar\/index.php?rest_route=%2Fwp%2Fv2%2Fcomments&post=10196"}],"version-history":[{"count":1,"href":"https:\/\/panoramadelsur.com.ar\/index.php?rest_route=\/wp\/v2\/posts\/10196\/revisions"}],"predecessor-version":[{"id":10198,"href":"https:\/\/panoramadelsur.com.ar\/index.php?rest_route=\/wp\/v2\/posts\/10196\/revisions\/10198"}],"wp:featuredmedia":[{"embeddable":true,"href":"https:\/\/panoramadelsur.com.ar\/index.php?rest_route=\/wp\/v2\/media\/39574"}],"wp:attachment":[{"href":"https:\/\/panoramadelsur.com.ar\/index.php?rest_route=%2Fwp%2Fv2%2Fmedia&parent=10196"}],"wp:term":[{"taxonomy":"category","embeddable":true,"href":"https:\/\/panoramadelsur.com.ar\/index.php?rest_route=%2Fwp%2Fv2%2Fcategories&post=10196"},{"taxonomy":"post_tag","embeddable":true,"href":"https:\/\/panoramadelsur.com.ar\/index.php?rest_route=%2Fwp%2Fv2%2Ftags&post=10196"}],"curies":[{"name":"wp","href":"https:\/\/api.w.org\/{rel}","templated":true}]}}