{"id":10213,"date":"2021-09-18T01:06:00","date_gmt":"2021-09-18T04:06:00","guid":{"rendered":"http:\/\/panoramadelsur.com.ar\/?p=10213"},"modified":"2021-09-14T17:02:57","modified_gmt":"2021-09-14T20:02:57","slug":"el-sector-autopartista-crecio-un-657-durante-los-primeros-7-meses-del-ano","status":"publish","type":"post","link":"https:\/\/panoramadelsur.com.ar\/?p=10213","title":{"rendered":"EL SECTOR AUTOPARTISTA CRECI\u00d3 UN 65,7% DURANTE LOS PRIMEROS 7 MESES DEL A\u00d1O"},"content":{"rendered":"\n<p class=\"wp-block-paragraph\">La actividad del sector autopartista registr\u00f3 un crecimiento de 65,6% durante los primeros siete meses de 2021, respecto del mismo periodo del a\u00f1o anterior, seg\u00fan informaron desde la Asociaci\u00f3n de F\u00e1bricas Argentinas de Componentes (AFAC).<\/p>\n\n\n\n<p class=\"wp-block-paragraph\">En este sentido, a trav\u00e9s del Informe de Actividad del Sector Autopartista, se\u00f1alaron que este crecimiento triplica al registrado por el total de la industria manufacturera, que acumul\u00f3 un 21% de incremento.<\/p>\n\n\n\n<p class=\"wp-block-paragraph\">A su vez, explicaron que el incremento est\u00e1 dado por la evoluci\u00f3n de los tres principales segmentos de negocio del sector: la producci\u00f3n de veh\u00edculos, las exportaciones de piezas y el mercado independiente de reposici\u00f3n.<\/p>\n\n\n\n<p class=\"wp-block-paragraph\">La producci\u00f3n de veh\u00edculos aument\u00f3 un 109,3% durante enero-julio de 2021 respecto al mismo periodo de 2020. Si bien este aumento es acompa\u00f1ado por el sector autopartista, este \u00faltimo muestra una menor variabilidad dado que tiene actividades diversificadas.<\/p>\n\n\n\n<p class=\"wp-block-paragraph\">Por su parte, las exportaciones registraron durante el primer semestre de 2021 un aumento del 47% interanual.<\/p>\n\n\n\n<p class=\"wp-block-paragraph\">Finalmente, al considerar la venta de combustible como un indicador aproximado del nivel de actividad del mercado de reposici\u00f3n, tambi\u00e9n es posible observar un aumento del 19,4% interanual para el periodo analizado, que si bien est\u00e1 por debajo de la variaci\u00f3n del sector, acompa\u00f1a el crecimiento del mismo.<a href=\"javascript:void(0)\"><\/a><\/p>\n","protected":false},"excerpt":{"rendered":"<p>La actividad<\/p>\n","protected":false},"author":1,"featured_media":39574,"comment_status":"open","ping_status":"open","sticky":false,"template":"","format":"standard","meta":{"footnotes":""},"categories":[4],"tags":[],"class_list":["post-10213","post","type-post","status-publish","format-standard","has-post-thumbnail","hentry","category-nacionales"],"_links":{"self":[{"href":"https:\/\/panoramadelsur.com.ar\/index.php?rest_route=\/wp\/v2\/posts\/10213","targetHints":{"allow":["GET"]}}],"collection":[{"href":"https:\/\/panoramadelsur.com.ar\/index.php?rest_route=\/wp\/v2\/posts"}],"about":[{"href":"https:\/\/panoramadelsur.com.ar\/index.php?rest_route=\/wp\/v2\/types\/post"}],"author":[{"embeddable":true,"href":"https:\/\/panoramadelsur.com.ar\/index.php?rest_route=\/wp\/v2\/users\/1"}],"replies":[{"embeddable":true,"href":"https:\/\/panoramadelsur.com.ar\/index.php?rest_route=%2Fwp%2Fv2%2Fcomments&post=10213"}],"version-history":[{"count":1,"href":"https:\/\/panoramadelsur.com.ar\/index.php?rest_route=\/wp\/v2\/posts\/10213\/revisions"}],"predecessor-version":[{"id":10215,"href":"https:\/\/panoramadelsur.com.ar\/index.php?rest_route=\/wp\/v2\/posts\/10213\/revisions\/10215"}],"wp:featuredmedia":[{"embeddable":true,"href":"https:\/\/panoramadelsur.com.ar\/index.php?rest_route=\/wp\/v2\/media\/39574"}],"wp:attachment":[{"href":"https:\/\/panoramadelsur.com.ar\/index.php?rest_route=%2Fwp%2Fv2%2Fmedia&parent=10213"}],"wp:term":[{"taxonomy":"category","embeddable":true,"href":"https:\/\/panoramadelsur.com.ar\/index.php?rest_route=%2Fwp%2Fv2%2Fcategories&post=10213"},{"taxonomy":"post_tag","embeddable":true,"href":"https:\/\/panoramadelsur.com.ar\/index.php?rest_route=%2Fwp%2Fv2%2Ftags&post=10213"}],"curies":[{"name":"wp","href":"https:\/\/api.w.org\/{rel}","templated":true}]}}