{"id":10259,"date":"2021-09-15T01:04:00","date_gmt":"2021-09-15T04:04:00","guid":{"rendered":"http:\/\/panoramadelsur.com.ar\/?p=10259"},"modified":"2021-09-15T11:21:43","modified_gmt":"2021-09-15T14:21:43","slug":"un-bebe-de-4-meses-muerto-y-seis-heridos-tras-un-choque-multiple-en-la-autovia-2-en-chascomus","status":"publish","type":"post","link":"https:\/\/panoramadelsur.com.ar\/?p=10259","title":{"rendered":"UN BEB\u00c9 DE 4 MESES MUERTO Y SEIS HERIDOS TRAS UN CHOQUE M\u00daLTIPLE EN LA AUTOV\u00cdA 2, EN CHASCOM\u00daS"},"content":{"rendered":"\n<p>Un beb\u00e9 de cuatro meses muri\u00f3 y otras seis personas resultaron heridas esta madrugada tras un choque m\u00faltiple entre tres veh\u00edculos, que quedaron volcados sobre la calzada de la Autov\u00eda 2 y en la banquina a la altura del partido bonaerense de Chascom\u00fas, informaron fuentes policiales y viales.<\/p>\n\n\n\n<p>El accidente ocurri\u00f3 pasadas las 3.30 en el kil\u00f3metro 96 de la ruta 2, en la mano que va hacia la Costa Atl\u00e1ntica, entre Samboromb\u00f3n y Chascom\u00fas, donde colisionaron una camioneta, un Mini Bus que circulaba sin pasajeros y un cami\u00f3n.<\/p>\n\n\n\n<p>Poco despu\u00e9s, personal de la autov\u00eda, de la polic\u00eda bonaerense y del SAME provincia concurrieron al lugar y asistieron a los heridos, que fueron trasladados al hospital de Chascom\u00fas, donde se produjo el deceso del beb\u00e9.<\/p>\n\n\n\n<p>De acuerdo a personal de bomberos, el conductor del cami\u00f3n -que transportaba cervezas- tuvo que ser rescatado de entre los hierros, mientras que el resto de los heridos son el conductor y un acompa\u00f1ante de la Mini Bus, y un matrimonio y dos hijos que viajaban en la camioneta Dodge Journey.<\/p>\n\n\n\n<p>\u00abA las 3.37 recibimos el llamado y a las 3.55 ingresaron seis heridos; uno qued\u00f3 atrapado y tard\u00f3 un poco m\u00e1s en ser liberado\u00bb, dijo el director del Hospital de Chascom\u00fas, Jorge Pablo Rodr\u00edguez.<\/p>\n\n\n\n<p>El m\u00e9dico explic\u00f3 en di\u00e1logo con TN que con respecto a la familia v\u00edctima del siniestro vial \u00abel beb\u00e9 muri\u00f3, un ni\u00f1o de 6 a\u00f1os est\u00e1 internado junto a su madre y al padre se le est\u00e1n realizando estudios\u00bb.<\/p>\n\n\n\n<p>En tanto, \u00abun paciente adulto fue derivado a San Mart\u00edn por compromiso vascular y otro entr\u00f3 al quir\u00f3fano y est\u00e1 siendo operado en este momento para estabilizarlo\u00bb, a\u00f1adi\u00f3 sobre los heridos.<\/p>\n\n\n\n<p>Seg\u00fan explicaron las fuentes, el tr\u00e1nsito en la zona de encuentra cortado desde el momento del siniestro y se realiza desv\u00edo por contra carril desde el Km 96 al 97.<\/p>\n\n\n\n<p>Personal de seguridad vial de la empresa Aubasa espera a los peritos para poder retirar los veh\u00edculos y liberar la ruta, agregaron las fuentes.<a href=\"javascript:void(0)\"><\/a><\/p>\n","protected":false},"excerpt":{"rendered":"<p>Un beb\u00e9<\/p>\n","protected":false},"author":1,"featured_media":39574,"comment_status":"open","ping_status":"open","sticky":false,"template":"","format":"standard","meta":{"footnotes":""},"categories":[10,5],"tags":[],"class_list":["post-10259","post","type-post","status-publish","format-standard","has-post-thumbnail","hentry","category-mas-noticias","category-provincia"],"_links":{"self":[{"href":"https:\/\/panoramadelsur.com.ar\/index.php?rest_route=\/wp\/v2\/posts\/10259","targetHints":{"allow":["GET"]}}],"collection":[{"href":"https:\/\/panoramadelsur.com.ar\/index.php?rest_route=\/wp\/v2\/posts"}],"about":[{"href":"https:\/\/panoramadelsur.com.ar\/index.php?rest_route=\/wp\/v2\/types\/post"}],"author":[{"embeddable":true,"href":"https:\/\/panoramadelsur.com.ar\/index.php?rest_route=\/wp\/v2\/users\/1"}],"replies":[{"embeddable":true,"href":"https:\/\/panoramadelsur.com.ar\/index.php?rest_route=%2Fwp%2Fv2%2Fcomments&post=10259"}],"version-history":[{"count":1,"href":"https:\/\/panoramadelsur.com.ar\/index.php?rest_route=\/wp\/v2\/posts\/10259\/revisions"}],"predecessor-version":[{"id":10261,"href":"https:\/\/panoramadelsur.com.ar\/index.php?rest_route=\/wp\/v2\/posts\/10259\/revisions\/10261"}],"wp:featuredmedia":[{"embeddable":true,"href":"https:\/\/panoramadelsur.com.ar\/index.php?rest_route=\/wp\/v2\/media\/39574"}],"wp:attachment":[{"href":"https:\/\/panoramadelsur.com.ar\/index.php?rest_route=%2Fwp%2Fv2%2Fmedia&parent=10259"}],"wp:term":[{"taxonomy":"category","embeddable":true,"href":"https:\/\/panoramadelsur.com.ar\/index.php?rest_route=%2Fwp%2Fv2%2Fcategories&post=10259"},{"taxonomy":"post_tag","embeddable":true,"href":"https:\/\/panoramadelsur.com.ar\/index.php?rest_route=%2Fwp%2Fv2%2Ftags&post=10259"}],"curies":[{"name":"wp","href":"https:\/\/api.w.org\/{rel}","templated":true}]}}