{"id":10278,"date":"2021-09-15T01:04:00","date_gmt":"2021-09-15T04:04:00","guid":{"rendered":"http:\/\/panoramadelsur.com.ar\/?p=10278"},"modified":"2021-09-15T12:31:57","modified_gmt":"2021-09-15T15:31:57","slug":"el-escrutinio-de-las-mesas-de-extranjeros-que-votan-en-provincia-de-buenos-aires-comenzara-el-lunes","status":"publish","type":"post","link":"https:\/\/panoramadelsur.com.ar\/?p=10278","title":{"rendered":"EL ESCRUTINIO DE LAS MESAS DE EXTRANJEROS QUE VOTAN EN PROVINCIA DE BUENOS AIRES COMENZAR\u00c1 EL LUNES"},"content":{"rendered":"\n<p>La Junta Electoral bonaerense dispuso hoy que el escrutinio definitivo de las mesas de electores extranjeros de la provincia de Buenos Aires, comenzar\u00e1 el 20 de septiembre a las 9 de la ma\u00f1ana.<\/p>\n\n\n\n<p>En una resoluci\u00f3n publicada hoy en el Bolet\u00edn Oficial se estableci\u00f3 adem\u00e1s que \u00abla actividad de recinto se desarrollar\u00e1 en el horario de 9 a 13.30 y de 14.30 a 19 en las dependencias del Hip\u00f3dromo de La Plata, en la calle 44 y 115\u00bb.<\/p>\n\n\n\n<p>Para ello, \u00ablas asociaciones pol\u00edticas intervinientes deber\u00e1n acreditar a los fiscales autorizados para participar de las operaciones del escrutinio definitivo\u00bb.<\/p>\n\n\n\n<p>Se dispuso tambi\u00e9n que la Secretar\u00eda de Actuaci\u00f3n, funcionarios y personal jer\u00e1rquico de la Direcci\u00f3n General Electoral, firmar\u00e1 las actas de apertura y cierre de urnas.<\/p>\n\n\n\n<p>Se encomend\u00f3 a la Secretar\u00eda Administrativa que \u00abextreme las medidas de supervisi\u00f3n sanitaria aportando todos los elementos necesarios para una adecuada sanitizaci\u00f3n de los espacios donde se lleven a cabo las labores, antes y durante el desarrollo de las tareas de escrutinio\u00bb.<\/p>\n\n\n\n<p>\u00abDeber\u00e1 adecuar el local asignado en el Hip\u00f3dromo de la ciudad de La Plata a fin de minimizar el contacto entre los fiscales partidarios asistentes y el personal de este organismo encargado de escrutar las mesas de extranjeros\u00bb, se indic\u00f3.<\/p>\n\n\n\n<p>En las elecciones primarias, abiertas, obligatorias y simult\u00e1neas del domingo pasado, los extranjeros eligieron en territorio bonaerense candidatos a senadores y diputados provinciales, concejales y consejeros escolares.<a href=\"javascript:void(0)\"><\/a><\/p>\n","protected":false},"excerpt":{"rendered":"<p>La Junta<\/p>\n","protected":false},"author":1,"featured_media":39574,"comment_status":"open","ping_status":"open","sticky":false,"template":"","format":"standard","meta":{"footnotes":""},"categories":[8,5],"tags":[],"class_list":["post-10278","post","type-post","status-publish","format-standard","has-post-thumbnail","hentry","category-para-agendar","category-provincia"],"_links":{"self":[{"href":"https:\/\/panoramadelsur.com.ar\/index.php?rest_route=\/wp\/v2\/posts\/10278","targetHints":{"allow":["GET"]}}],"collection":[{"href":"https:\/\/panoramadelsur.com.ar\/index.php?rest_route=\/wp\/v2\/posts"}],"about":[{"href":"https:\/\/panoramadelsur.com.ar\/index.php?rest_route=\/wp\/v2\/types\/post"}],"author":[{"embeddable":true,"href":"https:\/\/panoramadelsur.com.ar\/index.php?rest_route=\/wp\/v2\/users\/1"}],"replies":[{"embeddable":true,"href":"https:\/\/panoramadelsur.com.ar\/index.php?rest_route=%2Fwp%2Fv2%2Fcomments&post=10278"}],"version-history":[{"count":1,"href":"https:\/\/panoramadelsur.com.ar\/index.php?rest_route=\/wp\/v2\/posts\/10278\/revisions"}],"predecessor-version":[{"id":10280,"href":"https:\/\/panoramadelsur.com.ar\/index.php?rest_route=\/wp\/v2\/posts\/10278\/revisions\/10280"}],"wp:featuredmedia":[{"embeddable":true,"href":"https:\/\/panoramadelsur.com.ar\/index.php?rest_route=\/wp\/v2\/media\/39574"}],"wp:attachment":[{"href":"https:\/\/panoramadelsur.com.ar\/index.php?rest_route=%2Fwp%2Fv2%2Fmedia&parent=10278"}],"wp:term":[{"taxonomy":"category","embeddable":true,"href":"https:\/\/panoramadelsur.com.ar\/index.php?rest_route=%2Fwp%2Fv2%2Fcategories&post=10278"},{"taxonomy":"post_tag","embeddable":true,"href":"https:\/\/panoramadelsur.com.ar\/index.php?rest_route=%2Fwp%2Fv2%2Ftags&post=10278"}],"curies":[{"name":"wp","href":"https:\/\/api.w.org\/{rel}","templated":true}]}}