{"id":10322,"date":"2021-09-15T01:04:00","date_gmt":"2021-09-15T04:04:00","guid":{"rendered":"http:\/\/panoramadelsur.com.ar\/?p=10322"},"modified":"2021-09-15T15:46:46","modified_gmt":"2021-09-15T18:46:46","slug":"exitosa-primera-castracion-equina-en-el-nuevo-centro-de-zoonosis-quilmes","status":"publish","type":"post","link":"https:\/\/panoramadelsur.com.ar\/?p=10322","title":{"rendered":"EXITOSA PRIMERA CASTRACI\u00d3N EQUINA EN EL NUEVO CENTRO DE ZOONOSIS QUILMES"},"content":{"rendered":"\n<p>El Municipio de Quilmes informa que se realiz\u00f3 con \u00e9xito la primera castraci\u00f3n de un caballo en el quir\u00f3fano equino del flamante Centro de Zoonosis local, que inaugur\u00f3 la intendenta Mayra Mendoza hace un mes en avenida Hip\u00f3lito Yrigoyen y Saavedra.<\/p>\n\n\n\n<p>Al respecto, el director de Zoonosis, Hern\u00e1n S\u00e1nchez Correa, destac\u00f3 que esta intervenci\u00f3n quir\u00fargica es doblemente importante, puesto que no solo implica un beneficio sanitario para el animal, sino que tambi\u00e9n ayuda a controlar su temperamento y evitar conductas no deseadas en la ciudad. \u201cLa castraci\u00f3n previene, por ejemplo, problemas por competencia instintiva de reproducci\u00f3n\u201d, explic\u00f3.<\/p>\n\n\n\n<p>Luego de esta primera operaci\u00f3n, que se realiz\u00f3 en horas de la ma\u00f1ana, ya estaba previsto hacer una segunda. \u201cEstamos inaugurando hoy este quir\u00f3fano equino, que est\u00e1 preparado y equipado como corresponde, con dos castraciones en una misma jornada\u201d, puntualiz\u00f3 el funcionario.<\/p>\n\n\n\n<p>La intervenci\u00f3n quir\u00fargica estuvo a cargo de tres profesionales veterinarios: Patricio Kehoe, Roc\u00edo Ostrisniuk y Nahuel Ezquieta, quien a su vez es el director general de Zoonosis. Y para el traslado de los caballos se articul\u00f3 con la Direcci\u00f3n de Tradicionalismo, a cargo de Dar\u00edo Gonz\u00e1lez.<\/p>\n","protected":false},"excerpt":{"rendered":"<p>El Municipio<\/p>\n","protected":false},"author":1,"featured_media":39574,"comment_status":"open","ping_status":"open","sticky":false,"template":"","format":"standard","meta":{"footnotes":""},"categories":[1,2],"tags":[],"class_list":["post-10322","post","type-post","status-publish","format-standard","has-post-thumbnail","hentry","category-destacados","category-quilmes"],"_links":{"self":[{"href":"https:\/\/panoramadelsur.com.ar\/index.php?rest_route=\/wp\/v2\/posts\/10322","targetHints":{"allow":["GET"]}}],"collection":[{"href":"https:\/\/panoramadelsur.com.ar\/index.php?rest_route=\/wp\/v2\/posts"}],"about":[{"href":"https:\/\/panoramadelsur.com.ar\/index.php?rest_route=\/wp\/v2\/types\/post"}],"author":[{"embeddable":true,"href":"https:\/\/panoramadelsur.com.ar\/index.php?rest_route=\/wp\/v2\/users\/1"}],"replies":[{"embeddable":true,"href":"https:\/\/panoramadelsur.com.ar\/index.php?rest_route=%2Fwp%2Fv2%2Fcomments&post=10322"}],"version-history":[{"count":1,"href":"https:\/\/panoramadelsur.com.ar\/index.php?rest_route=\/wp\/v2\/posts\/10322\/revisions"}],"predecessor-version":[{"id":10324,"href":"https:\/\/panoramadelsur.com.ar\/index.php?rest_route=\/wp\/v2\/posts\/10322\/revisions\/10324"}],"wp:featuredmedia":[{"embeddable":true,"href":"https:\/\/panoramadelsur.com.ar\/index.php?rest_route=\/wp\/v2\/media\/39574"}],"wp:attachment":[{"href":"https:\/\/panoramadelsur.com.ar\/index.php?rest_route=%2Fwp%2Fv2%2Fmedia&parent=10322"}],"wp:term":[{"taxonomy":"category","embeddable":true,"href":"https:\/\/panoramadelsur.com.ar\/index.php?rest_route=%2Fwp%2Fv2%2Fcategories&post=10322"},{"taxonomy":"post_tag","embeddable":true,"href":"https:\/\/panoramadelsur.com.ar\/index.php?rest_route=%2Fwp%2Fv2%2Ftags&post=10322"}],"curies":[{"name":"wp","href":"https:\/\/api.w.org\/{rel}","templated":true}]}}