{"id":10357,"date":"2021-09-18T01:06:00","date_gmt":"2021-09-18T04:06:00","guid":{"rendered":"http:\/\/panoramadelsur.com.ar\/?p=10357"},"modified":"2021-09-16T15:00:23","modified_gmt":"2021-09-16T18:00:23","slug":"en-kioscos-y-almacenes-crecen-las-ventas-y-se-desacelera-la-suba-de-precios-segun-un-informe","status":"publish","type":"post","link":"https:\/\/panoramadelsur.com.ar\/?p=10357","title":{"rendered":"EN KIOSCOS Y ALMACENES CRECEN LAS VENTAS Y SE DESACELERA LA SUBA DE PRECIOS, SEG\u00daN UN INFORME"},"content":{"rendered":"\n<p class=\"wp-block-paragraph\">El consumo masivo registr\u00f3 en agosto una recuperaci\u00f3n del volumen de ventas y una desaceleraci\u00f3n en el ritmo de suba de precios en kioscos y almacenes, de acuerdo con un informe privado.<\/p>\n\n\n\n<p class=\"wp-block-paragraph\">Kioscos y almacenes registraron una suba de 11,6% en el acumulado del a\u00f1o respecto de igual per\u00edodo de 2020, mientras que otros canales como autoservicios y supermercados cayeron 18,1% y 4,3% respectivamente, seg\u00fan un estudio de Scanntech presentado por la C\u00e1mara Argentina de Supermercados (CAS) y la Federaci\u00f3n Argentina de Supermercados y Autoservicios (FASA).<\/p>\n\n\n\n<p class=\"wp-block-paragraph\">En promedio, el consumo cay\u00f3 10,2% en agosto y acumulado del a\u00f1o perdi\u00f3 11,1% en comparaci\u00f3n con 2020, sobre la base del relevamiento realizado en 650 puntos de venta en todo el pa\u00eds.<\/p>\n\n\n\n<p class=\"wp-block-paragraph\">Al presentar el informe, el gerente de Cuentas de Scanntech, Dar\u00edo Hern\u00e1ndez, dijo que \u00aba nivel canales, los kioscos y almacenes siguen teniendo recuperaci\u00f3n, pasaron de estar completamente cerrados en pandemia a empezar a tener m\u00e1s movimiento y por eso el canal recuper\u00f3 el consumo\u00bb.<\/p>\n\n\n\n<p class=\"wp-block-paragraph\">\u00abLos supermercados est\u00e1n achicando su ca\u00edda y los autoservicios con una ca\u00edda cercana a 18 puntos se vienen manteniendo estables en los \u00faltimos meses\u00bb, detall\u00f3.<\/p>\n\n\n\n<p class=\"wp-block-paragraph\">En cuanto a las distintas categor\u00edas de productos, alimentos cay\u00f3 17,1% interanual en agosto; bebidas perdi\u00f3 1% interanual con lo que mostr\u00f3 una recuperaci\u00f3n tras ser la m\u00e1s golpeada en 2020; cuidado personal se mantuvo estable con una ca\u00edda de 13,6%; y limpieza perdi\u00f3 15,5% por una relajaci\u00f3n en los hogares en cuanto a la desinfecci\u00f3n por el contexto sanitario.<\/p>\n\n\n\n<p class=\"wp-block-paragraph\">En particular, Hern\u00e1ndez sostuvo que \u00abgolosinas, congelados y copet\u00edn y snacks son categor\u00edas que vienen recuper\u00e1ndose por la posibilidad de hacer reuniones sociales\u00bb.<\/p>\n\n\n\n<p class=\"wp-block-paragraph\">Acerca de los precios, la consultora observ\u00f3 un incremento de 2,6% en agosto respecto del mes anterior, y un \u00abcambio de tendencia\u00bb con mayor incremento en supermercados que en los canales tradicionales, como kioscos y almacenes.<\/p>\n\n\n\n<p class=\"wp-block-paragraph\">\u00abAgosto fue uno de los meses del a\u00f1o con menor incremento de precios, en autoservicios es menor todav\u00eda, es una buena noticia; en el canal tradicional el aumento de precios est\u00e1 desacelerando, en supermercados no, tiene que ver con una recuperaci\u00f3n de rentabilidad\u00bb, concluy\u00f3 Hern\u00e1ndez.<\/p>\n","protected":false},"excerpt":{"rendered":"<p>El consumo<\/p>\n","protected":false},"author":1,"featured_media":39574,"comment_status":"open","ping_status":"open","sticky":false,"template":"","format":"standard","meta":{"footnotes":""},"categories":[4],"tags":[],"class_list":["post-10357","post","type-post","status-publish","format-standard","has-post-thumbnail","hentry","category-nacionales"],"_links":{"self":[{"href":"https:\/\/panoramadelsur.com.ar\/index.php?rest_route=\/wp\/v2\/posts\/10357","targetHints":{"allow":["GET"]}}],"collection":[{"href":"https:\/\/panoramadelsur.com.ar\/index.php?rest_route=\/wp\/v2\/posts"}],"about":[{"href":"https:\/\/panoramadelsur.com.ar\/index.php?rest_route=\/wp\/v2\/types\/post"}],"author":[{"embeddable":true,"href":"https:\/\/panoramadelsur.com.ar\/index.php?rest_route=\/wp\/v2\/users\/1"}],"replies":[{"embeddable":true,"href":"https:\/\/panoramadelsur.com.ar\/index.php?rest_route=%2Fwp%2Fv2%2Fcomments&post=10357"}],"version-history":[{"count":1,"href":"https:\/\/panoramadelsur.com.ar\/index.php?rest_route=\/wp\/v2\/posts\/10357\/revisions"}],"predecessor-version":[{"id":10359,"href":"https:\/\/panoramadelsur.com.ar\/index.php?rest_route=\/wp\/v2\/posts\/10357\/revisions\/10359"}],"wp:featuredmedia":[{"embeddable":true,"href":"https:\/\/panoramadelsur.com.ar\/index.php?rest_route=\/wp\/v2\/media\/39574"}],"wp:attachment":[{"href":"https:\/\/panoramadelsur.com.ar\/index.php?rest_route=%2Fwp%2Fv2%2Fmedia&parent=10357"}],"wp:term":[{"taxonomy":"category","embeddable":true,"href":"https:\/\/panoramadelsur.com.ar\/index.php?rest_route=%2Fwp%2Fv2%2Fcategories&post=10357"},{"taxonomy":"post_tag","embeddable":true,"href":"https:\/\/panoramadelsur.com.ar\/index.php?rest_route=%2Fwp%2Fv2%2Ftags&post=10357"}],"curies":[{"name":"wp","href":"https:\/\/api.w.org\/{rel}","templated":true}]}}