{"id":10942,"date":"2021-10-03T01:05:00","date_gmt":"2021-10-03T04:05:00","guid":{"rendered":"http:\/\/panoramadelsur.com.ar\/?p=10942"},"modified":"2021-09-29T02:17:27","modified_gmt":"2021-09-29T05:17:27","slug":"la-molienda-de-girasol-alcanzo-niveles-record-en-la-provincia-de-buenos-aires","status":"publish","type":"post","link":"https:\/\/panoramadelsur.com.ar\/?p=10942","title":{"rendered":"LA MOLIENDA DE GIRASOL ALCANZ\u00d3 NIVELES R\u00c9CORD EN LA PROVINCIA DE BUENOS AIRES"},"content":{"rendered":"\n<p>El Ministerio de Desarrollo Agrario de la provincia de Buenos Aires inform\u00f3 que entre enero y agosto de 2021 la molienda de girasol alcanz\u00f3 un total de 1,41 mill\u00f3n de toneladas, el registro m\u00e1s alto de la \u00faltima d\u00e9cada en el distrito.<\/p>\n\n\n\n<p>\u00abA\u00fan en medio de la pandemia logramos alcanzar niveles r\u00e9cord en la molienda de girasol, que dan cuenta de un Estado presente con pol\u00edticas concretas para potenciar la producci\u00f3n y su industrializaci\u00f3n de forma articulada con el sector privado\u00bb, afirm\u00f3 en un comunicado el ministro Javier Rodr\u00edguez.<\/p>\n\n\n\n<p>Seg\u00fan indic\u00f3 la informaci\u00f3n, \u00aba nivel nacional el crecimiento de la molienda fue de 21% con respecto al mismo periodo del a\u00f1o pasado. En la Provincia, en tanto, ese aumento lleg\u00f3 a 26%\u00bb.<\/p>\n\n\n\n<p>De esta manera, Buenos Aires represent\u00f3 el 57% de la molienda nacional y se mantuvo como la provincia m\u00e1s importante en el procesamiento de la oleaginosa.<\/p>\n\n\n\n<p>\u00abProfundizar la industrializaci\u00f3n de la producci\u00f3n agropecuaria es uno de nuestros principales objetivos, porque permite generar circuitos econ\u00f3micos que promueven el desarrollo local, necesario para seguir avanzando hacia una provincia m\u00e1s equitativa\u00bb, se\u00f1al\u00f3 Rodr\u00edguez.<\/p>\n\n\n\n<p>Los altos precios internacionales del aceite, se indic\u00f3, favorecieron la actividad industrial y la exportaci\u00f3n de aceites: entre enero y julio los env\u00edos de aceite de girasol crecieron un 27% interanual, al alcanzar las 462.401 toneladas.<\/p>\n\n\n\n<p>En ese sentido cabe destacar que la Provincia concentra el 55% de las exportaciones de girasol del pa\u00eds.<\/p>\n\n\n\n<p>\u00abDesde que comenzamos la gesti\u00f3n, uno de nuestros desaf\u00edos fue generar nuevas herramientas e instrumentos que potencien las exportaciones del sector agropecuario y agroalimentario bonaerense\u00bb, record\u00f3 Rodr\u00edguez.<\/p>\n\n\n\n<p>\u00abAlcanzar estos registros en la molienda y exportaci\u00f3n de girasol nos llena de orgullo, pero tambi\u00e9n de esperanza, porque en un escenario sumamente complejo como ha sido el de la pandemia, pudimos no s\u00f3lo mantener la producci\u00f3n sino aumentarla\u00bb, concluy\u00f3.<a href=\"javascript:void(0)\"><\/a><\/p>\n","protected":false},"excerpt":{"rendered":"<p>El Ministerio<\/p>\n","protected":false},"author":1,"featured_media":39574,"comment_status":"open","ping_status":"open","sticky":false,"template":"","format":"standard","meta":{"footnotes":""},"categories":[5],"tags":[],"class_list":["post-10942","post","type-post","status-publish","format-standard","has-post-thumbnail","hentry","category-provincia"],"_links":{"self":[{"href":"https:\/\/panoramadelsur.com.ar\/index.php?rest_route=\/wp\/v2\/posts\/10942","targetHints":{"allow":["GET"]}}],"collection":[{"href":"https:\/\/panoramadelsur.com.ar\/index.php?rest_route=\/wp\/v2\/posts"}],"about":[{"href":"https:\/\/panoramadelsur.com.ar\/index.php?rest_route=\/wp\/v2\/types\/post"}],"author":[{"embeddable":true,"href":"https:\/\/panoramadelsur.com.ar\/index.php?rest_route=\/wp\/v2\/users\/1"}],"replies":[{"embeddable":true,"href":"https:\/\/panoramadelsur.com.ar\/index.php?rest_route=%2Fwp%2Fv2%2Fcomments&post=10942"}],"version-history":[{"count":1,"href":"https:\/\/panoramadelsur.com.ar\/index.php?rest_route=\/wp\/v2\/posts\/10942\/revisions"}],"predecessor-version":[{"id":10944,"href":"https:\/\/panoramadelsur.com.ar\/index.php?rest_route=\/wp\/v2\/posts\/10942\/revisions\/10944"}],"wp:featuredmedia":[{"embeddable":true,"href":"https:\/\/panoramadelsur.com.ar\/index.php?rest_route=\/wp\/v2\/media\/39574"}],"wp:attachment":[{"href":"https:\/\/panoramadelsur.com.ar\/index.php?rest_route=%2Fwp%2Fv2%2Fmedia&parent=10942"}],"wp:term":[{"taxonomy":"category","embeddable":true,"href":"https:\/\/panoramadelsur.com.ar\/index.php?rest_route=%2Fwp%2Fv2%2Fcategories&post=10942"},{"taxonomy":"post_tag","embeddable":true,"href":"https:\/\/panoramadelsur.com.ar\/index.php?rest_route=%2Fwp%2Fv2%2Ftags&post=10942"}],"curies":[{"name":"wp","href":"https:\/\/api.w.org\/{rel}","templated":true}]}}