{"id":10985,"date":"2021-10-02T01:05:00","date_gmt":"2021-10-02T04:05:00","guid":{"rendered":"http:\/\/panoramadelsur.com.ar\/?p=10985"},"modified":"2021-10-01T14:19:04","modified_gmt":"2021-10-01T17:19:04","slug":"la-industria-manufacturera-bonaerense-crecio-en-junio-mas-de-21","status":"publish","type":"post","link":"https:\/\/panoramadelsur.com.ar\/?p=10985","title":{"rendered":"LA INDUSTRIA MANUFACTURERA BONAERENSE CRECI\u00d3 EN JUNIO M\u00c1S DE 21%"},"content":{"rendered":"\n<p>La industria manufacturera bonaerense tuvo un crecimiento en junio del 21,4% respecto del mismo mes del a\u00f1o pasado y una mejora de 3,9% frente a mayo, con lo que el acumulado del primer semestre marc\u00f3 un avance de 22,5%, inform\u00f3 esta semana el Ministerio de Hacienda y Finanzas provincial.<\/p>\n\n\n\n<p>En base a los resultados del Indicador Sint\u00e9tico de la Industria Manufacturera, elaborado por la Direcci\u00f3n Provincial de Estad\u00edstica, los rubros que marcaron un mayor crecimiento fueron Textiles y cueros (81,7%); Metales comunes (74,6%); Minerales no met\u00e1licos (67,6%); Veh\u00edculos automotores (67,5%); M\u00e1quinas y equipos (31,5%); Productos qu\u00edmicos (12,7%); Papel y cart\u00f3n (8,7%), y Alimentos y bebidas (6,9%).<\/p>\n\n\n\n<p>En este marco, el ministro de Hacienda y Finanzas, Pablo L\u00f3pez, dijo que \u201cel \u00faltimo mes de junio fue particularmente alentador para la industria porque es la cuarta suba interanual consecutiva que registra en la provincia de Buenos Aires y se verificaron niveles de producci\u00f3n superiores a 2019 (12,0%) y 2018 (2,8%)\u201d.<\/p>\n\n\n\n<p>L\u00f3pez destac\u00f3 que \u201cadem\u00e1s, la actividad industrial del primer semestre 2021 acumul\u00f3 un crecimiento de 3,5% respecto al mismo per\u00edodo 2019, lo cual constituye un indicio de recuperaci\u00f3n estructural\u201d.<\/p>\n\n\n\n<p>\u201cEstamos revirtiendo un proceso de cuatro a\u00f1os de desindustrializaci\u00f3n a trav\u00e9s de pol\u00edticas activas que permiten fortalecer el entramado industrial, fomentando la inversi\u00f3n productiva por sobre la especulaci\u00f3n financiera\u201d, grafic\u00f3.<\/p>\n\n\n\n<p>El Indicador Sint\u00e9tico de la Industria Manufacturera de la provincia de Buenos Aires (ISIM) realizado por la Direcci\u00f3n Provincial de Estad\u00edstica tiene como objetivo disponer de un indicador mensual que permita observar el comportamiento de la actividad industrial provincial.<\/p>\n\n\n\n<p>Se constituye mediante el seguimiento y estimaci\u00f3n de los denominados Bloques Industriales, conformados por grupos de actividades industriales con caracter\u00edsticas comunes, a trav\u00e9s de estimaciones mensuales sobre el sector manufacturero provincial con base en informaci\u00f3n proveniente de la Encuesta Industrial Mensual que realiza el INDEC y datos obtenidos por relevamientos propios que realiza dicha Direcci\u00f3n.<\/p>\n","protected":false},"excerpt":{"rendered":"<p>La industria<\/p>\n","protected":false},"author":1,"featured_media":39574,"comment_status":"open","ping_status":"open","sticky":false,"template":"","format":"standard","meta":{"footnotes":""},"categories":[4],"tags":[],"class_list":["post-10985","post","type-post","status-publish","format-standard","has-post-thumbnail","hentry","category-nacionales"],"_links":{"self":[{"href":"https:\/\/panoramadelsur.com.ar\/index.php?rest_route=\/wp\/v2\/posts\/10985","targetHints":{"allow":["GET"]}}],"collection":[{"href":"https:\/\/panoramadelsur.com.ar\/index.php?rest_route=\/wp\/v2\/posts"}],"about":[{"href":"https:\/\/panoramadelsur.com.ar\/index.php?rest_route=\/wp\/v2\/types\/post"}],"author":[{"embeddable":true,"href":"https:\/\/panoramadelsur.com.ar\/index.php?rest_route=\/wp\/v2\/users\/1"}],"replies":[{"embeddable":true,"href":"https:\/\/panoramadelsur.com.ar\/index.php?rest_route=%2Fwp%2Fv2%2Fcomments&post=10985"}],"version-history":[{"count":1,"href":"https:\/\/panoramadelsur.com.ar\/index.php?rest_route=\/wp\/v2\/posts\/10985\/revisions"}],"predecessor-version":[{"id":10987,"href":"https:\/\/panoramadelsur.com.ar\/index.php?rest_route=\/wp\/v2\/posts\/10985\/revisions\/10987"}],"wp:featuredmedia":[{"embeddable":true,"href":"https:\/\/panoramadelsur.com.ar\/index.php?rest_route=\/wp\/v2\/media\/39574"}],"wp:attachment":[{"href":"https:\/\/panoramadelsur.com.ar\/index.php?rest_route=%2Fwp%2Fv2%2Fmedia&parent=10985"}],"wp:term":[{"taxonomy":"category","embeddable":true,"href":"https:\/\/panoramadelsur.com.ar\/index.php?rest_route=%2Fwp%2Fv2%2Fcategories&post=10985"},{"taxonomy":"post_tag","embeddable":true,"href":"https:\/\/panoramadelsur.com.ar\/index.php?rest_route=%2Fwp%2Fv2%2Ftags&post=10985"}],"curies":[{"name":"wp","href":"https:\/\/api.w.org\/{rel}","templated":true}]}}