{"id":10997,"date":"2021-10-02T01:06:00","date_gmt":"2021-10-02T04:06:00","guid":{"rendered":"http:\/\/panoramadelsur.com.ar\/?p=10997"},"modified":"2021-09-29T02:56:59","modified_gmt":"2021-09-29T05:56:59","slug":"a-partir-del-lunes-se-liberara-la-exportacion-de-vaca-conserva-a-china","status":"publish","type":"post","link":"https:\/\/panoramadelsur.com.ar\/?p=10997","title":{"rendered":"A PARTIR DEL LUNES, SE LIBERAR\u00c1 LA EXPORTACI\u00d3N DE VACA CONSERVA A CHINA"},"content":{"rendered":"\n<p>El ministro de Agricultura, Ganader\u00eda y Pesca, Juli\u00e1n Dom\u00ednguez, anunci\u00f3 que a partir del pr\u00f3ximo lunes se liberar\u00e1n las exportaciones de vaca conserva y manufactura a China.<\/p>\n\n\n\n<p>El funcionario hizo el anuncio en una conferencia de prensa que ofreci\u00f3 luego de una reuni\u00f3n que mantuvo esta semana con la Mesa de Enlace.<\/p>\n\n\n\n<p>Asimismo, Dom\u00ednguez adelant\u00f3 la decisi\u00f3n de considerar la situaci\u00f3n de los frigor\u00edficos que hicieron nuevas inversiones y no pudieron participar en la distribuci\u00f3n de cupos de exportaci\u00f3n.<\/p>\n\n\n\n<p>En una conferencia de prensa brindada junto con el jefe de Gabinete, Juan Manzur, y con gobernadores de diversas provincias, el ministro de Agricultura dijo que el presidente Alberto Fern\u00e1ndez le pidi\u00f3 \u00abponer en funcionamiento las cosas que la pandemia nos ha impedido hacer, entre otras cosas avanzar en los entendimientos\u00bb en su \u00e1rea de competencia.<\/p>\n\n\n\n<p>Manzur, por su parte, asegur\u00f3 que la reuni\u00f3n con los representantes de la Mesa de Enlace fue \u00abextremadamente productiva\u00bb y afirm\u00f3 que \u00abla agenda de trabajo fue resulta en su totalidad a trav\u00e9s del di\u00e1logo\u00bb.<\/p>\n\n\n\n<p>Tras destacar que \u00ablas provincias aportaron la posibilidad de acercar posiciones\u00bb, Manzur reiter\u00f3 que se trat\u00f3 de una \u00abreuni\u00f3n fruct\u00edfera\u00bb y adelant\u00f3 que \u00abse van a intensificar la agenda de trabajo con los equipos t\u00e9cnicos\u00bb.<\/p>\n\n\n\n<p>Adem\u00e1s de Manzur; Dom\u00ednguez estuvo acompa\u00f1ado por el ministro del Interior, Eduardo De Pedro; los gobernadores Axel Kicillof de la provincia de Buenos Aires; Gustavo Bordet de Entre R\u00edos; Sergio Zilioto, de la Pampa; Omar Perotti, de Santa Fe; y Gerardo Zamora. de Santiago del Estero, tras la reuni\u00f3n con los representantes de la Mesa de Enlace.<\/p>\n\n\n\n<p>Por la Mesa de Enlace estuvieron el presidente de la Sociedad Rural Argentina (SRA), Nicol\u00e1s Pino; de Confederaciones Rurales (CRA), Jorge Chemes; de Federaci\u00f3n Agraria (FAA), Carlos Achetoni; y de Coninagro, Elbio Lauc\u00edrica.<\/p>\n","protected":false},"excerpt":{"rendered":"<p>El ministro<\/p>\n","protected":false},"author":1,"featured_media":39574,"comment_status":"open","ping_status":"open","sticky":false,"template":"","format":"standard","meta":{"footnotes":""},"categories":[4],"tags":[],"class_list":["post-10997","post","type-post","status-publish","format-standard","has-post-thumbnail","hentry","category-nacionales"],"_links":{"self":[{"href":"https:\/\/panoramadelsur.com.ar\/index.php?rest_route=\/wp\/v2\/posts\/10997","targetHints":{"allow":["GET"]}}],"collection":[{"href":"https:\/\/panoramadelsur.com.ar\/index.php?rest_route=\/wp\/v2\/posts"}],"about":[{"href":"https:\/\/panoramadelsur.com.ar\/index.php?rest_route=\/wp\/v2\/types\/post"}],"author":[{"embeddable":true,"href":"https:\/\/panoramadelsur.com.ar\/index.php?rest_route=\/wp\/v2\/users\/1"}],"replies":[{"embeddable":true,"href":"https:\/\/panoramadelsur.com.ar\/index.php?rest_route=%2Fwp%2Fv2%2Fcomments&post=10997"}],"version-history":[{"count":1,"href":"https:\/\/panoramadelsur.com.ar\/index.php?rest_route=\/wp\/v2\/posts\/10997\/revisions"}],"predecessor-version":[{"id":10999,"href":"https:\/\/panoramadelsur.com.ar\/index.php?rest_route=\/wp\/v2\/posts\/10997\/revisions\/10999"}],"wp:featuredmedia":[{"embeddable":true,"href":"https:\/\/panoramadelsur.com.ar\/index.php?rest_route=\/wp\/v2\/media\/39574"}],"wp:attachment":[{"href":"https:\/\/panoramadelsur.com.ar\/index.php?rest_route=%2Fwp%2Fv2%2Fmedia&parent=10997"}],"wp:term":[{"taxonomy":"category","embeddable":true,"href":"https:\/\/panoramadelsur.com.ar\/index.php?rest_route=%2Fwp%2Fv2%2Fcategories&post=10997"},{"taxonomy":"post_tag","embeddable":true,"href":"https:\/\/panoramadelsur.com.ar\/index.php?rest_route=%2Fwp%2Fv2%2Ftags&post=10997"}],"curies":[{"name":"wp","href":"https:\/\/api.w.org\/{rel}","templated":true}]}}