{"id":11069,"date":"2021-10-01T01:08:00","date_gmt":"2021-10-01T04:08:00","guid":{"rendered":"http:\/\/panoramadelsur.com.ar\/?p=11069"},"modified":"2021-09-30T13:51:21","modified_gmt":"2021-09-30T16:51:21","slug":"berazategui-pami-comenzo-la-entrega-de-audifonos-a-sus-afiliados","status":"publish","type":"post","link":"https:\/\/panoramadelsur.com.ar\/?p=11069","title":{"rendered":"BERAZATEGUI: PAMI COMENZ\u00d3 LA ENTREGA DE AUD\u00cdFONOS A SUS AFILIADOS"},"content":{"rendered":"\n<p><strong>El Instituto Nacional de Servicios Sociales para Jubilados y Pensionados, m\u00e1s conocido como PAMI, empez\u00f3 a otorgar y colocar aud\u00edfonos, as\u00ed como tambi\u00e9n una capacitaci\u00f3n sobre su manejo, a afiliados y afiliadas de la obra social. Se prev\u00e9 que alrededor de 300 personas ser\u00e1n beneficiadas. Una de las jornadas fue visitada por el intendente Juan Jos\u00e9 Mussi, quien salud\u00f3 a los presentes y dialog\u00f3 con los agentes a cargo del operativo, en compa\u00f1\u00eda del secretario de Cultura y Educaci\u00f3n, Federico L\u00f3pez.<\/strong><\/p>\n\n\n\n<p>Tambi\u00e9n estuvieron la titular de la Secretar\u00eda Privada municipal, Mar\u00eda Del Carmen Flores; y el secretario de Salud P\u00fablica e Higiene, Pablo Costa; la directora de PAMI Hudson, Macarena Quinteros; el concejal Gaspar Fern\u00e1ndez; y el director de ANSES de Berazategui y jefe de la Unidad de Atenci\u00f3n Integral (UDAI) del distrito, Facundo Z\u00e1rate.<\/p>\n\n\n\n<p>\u201cEn Berazategui tenemos buenas noticias\u201d, asegur\u00f3 Mussi. \u201cPAMI comenz\u00f3 con la entrega de aud\u00edfonos que se hab\u00eda retrasado desde 2018. Los recibir\u00e1n 300 personas, 30 por d\u00eda a lo largo de 10 d\u00edas. Se beneficiar\u00e1n todos los afiliados que lo necesitaban\u00bb.<\/p>\n\n\n\n<p>Macarena Quinteros afirm\u00f3: \u201cEstamos muy felices, en el Centro de Actividades Roberto De Vicenzo, comenzando con la entrega de los aud\u00edfonos que hab\u00eda quedado pendiente desde 2018. As\u00ed que es una alegr\u00eda enorme para nosotros, desde el equipo de PAMI y desde el Municipio, hacer entrega de estos dispositivos a los afiliados del distrito: 300 adultos mayores los necesitaban y hoy vienen al operativo, se les hace un control y se les termina de calibrar, as\u00ed pueden llev\u00e1rselo listo para usar\u201d.<\/p>\n\n\n\n<p>Los aud\u00edfonos tienen un valor que ronda entre 120 mil y 130 mil pesos. Son fabricados en Dinamarca y su costo es cubierto por PAMI. El tr\u00e1mite se inicia en la agencia que corresponda al afiliado y se requiere de: orden m\u00e9dica, credencial y una audiometr\u00eda realizada por un especialista.<\/p>\n\n\n\n<p>\u201cVine a retirar el aud\u00edfono\u201d, afirm\u00f3 Ernesto Arias, uno de los berazateguenses que recibi\u00f3 el anhelado dispositivo. \u201cComo consecuencia de 35 a\u00f1os de trabajo en una empresa, perd\u00ed la audici\u00f3n. Me puse muy contento con la novedad de que lo iba a recibir, la atenci\u00f3n fue muy buena y ya quiero probarlo en casa, con la familia\u201d.<\/p>\n","protected":false},"excerpt":{"rendered":"<p>El Instituto<\/p>\n","protected":false},"author":1,"featured_media":39574,"comment_status":"open","ping_status":"open","sticky":false,"template":"","format":"standard","meta":{"footnotes":""},"categories":[3],"tags":[],"class_list":["post-11069","post","type-post","status-publish","format-standard","has-post-thumbnail","hentry","category-regionales"],"_links":{"self":[{"href":"https:\/\/panoramadelsur.com.ar\/index.php?rest_route=\/wp\/v2\/posts\/11069","targetHints":{"allow":["GET"]}}],"collection":[{"href":"https:\/\/panoramadelsur.com.ar\/index.php?rest_route=\/wp\/v2\/posts"}],"about":[{"href":"https:\/\/panoramadelsur.com.ar\/index.php?rest_route=\/wp\/v2\/types\/post"}],"author":[{"embeddable":true,"href":"https:\/\/panoramadelsur.com.ar\/index.php?rest_route=\/wp\/v2\/users\/1"}],"replies":[{"embeddable":true,"href":"https:\/\/panoramadelsur.com.ar\/index.php?rest_route=%2Fwp%2Fv2%2Fcomments&post=11069"}],"version-history":[{"count":1,"href":"https:\/\/panoramadelsur.com.ar\/index.php?rest_route=\/wp\/v2\/posts\/11069\/revisions"}],"predecessor-version":[{"id":11071,"href":"https:\/\/panoramadelsur.com.ar\/index.php?rest_route=\/wp\/v2\/posts\/11069\/revisions\/11071"}],"wp:featuredmedia":[{"embeddable":true,"href":"https:\/\/panoramadelsur.com.ar\/index.php?rest_route=\/wp\/v2\/media\/39574"}],"wp:attachment":[{"href":"https:\/\/panoramadelsur.com.ar\/index.php?rest_route=%2Fwp%2Fv2%2Fmedia&parent=11069"}],"wp:term":[{"taxonomy":"category","embeddable":true,"href":"https:\/\/panoramadelsur.com.ar\/index.php?rest_route=%2Fwp%2Fv2%2Fcategories&post=11069"},{"taxonomy":"post_tag","embeddable":true,"href":"https:\/\/panoramadelsur.com.ar\/index.php?rest_route=%2Fwp%2Fv2%2Ftags&post=11069"}],"curies":[{"name":"wp","href":"https:\/\/api.w.org\/{rel}","templated":true}]}}