{"id":11083,"date":"2021-10-01T01:05:00","date_gmt":"2021-10-01T04:05:00","guid":{"rendered":"http:\/\/panoramadelsur.com.ar\/?p=11083"},"modified":"2021-09-30T23:38:22","modified_gmt":"2021-10-01T02:38:22","slug":"velez-sarsfield-recibiria-sin-cambios-a-independiente-en-liniers","status":"publish","type":"post","link":"https:\/\/panoramadelsur.com.ar\/?p=11083","title":{"rendered":"V\u00c9LEZ SARSFIELD RECIBIR\u00cdA SIN CAMBIOS A INDEPENDIENTE EN LINIERS"},"content":{"rendered":"\n<p>V\u00e9lez Sarsfield recibir\u00eda sin cambios a Independiente, en el estadio Jos\u00e9 Amalfitani, de Liniers, ma\u00f1ana s\u00e1bado a las 20.15, por la 14ta. fecha del campeonato de la Liga Profesional de F\u00fatbol, con arbitraje de Pablo Echavarr\u00eda.<\/p>\n\n\n\n<p>\u00abComo el entrenador (Mauricio) Pellegrino ayer no pudo hacer una pr\u00e1ctica de f\u00fatbol en la Villa Ol\u00edmpica por la tormenta, efectuando solo algunos ensayos t\u00e1cticos bajo techo, no se puede asegurar la formaci\u00f3n, que en principio ser\u00eda la misma que venci\u00f3 a Sarmiento (1-0) en la fecha pasada\u00bb, indic\u00f3 una fuente de la instituci\u00f3n.<\/p>\n\n\n\n<p>Mientras que desde el club se inform\u00f3 que el mediocampista Santiago C\u00e1seres contin\u00faa trabajando diferenciado para recuperarse de un esguince en la rodilla izquierda, qued\u00e1ndole 25 d\u00edas de ejercicios espec\u00edficos en el gimnasio.<\/p>\n\n\n\n<p>En similar situaci\u00f3n se encuentran los volantes Ricardo \u00c1lvarez y Joaqu\u00edn Garc\u00eda, que trabajaron junto a los kinesi\u00f3logos para recuperarse de sus respectivas lesiones.<\/p>\n\n\n\n<p>Ante ese panorama, la &#8216;V&#8217; azulada formar\u00eda con Lucas Hoyos; Tom\u00e1s Guidara, Mat\u00edas de los Santos, Lautaro Giannetti y Francisco Ortega; Ger\u00f3nimo Poblete y Federico Mancuello; Luca Orellano, Thiago Almada y Lucas Janson; Juan Mart\u00edn Lucero.<\/p>\n\n\n\n<p>Por otra parte, trascendi\u00f3 que desde un club de la liga de Portugal y otro fuerte del interior del pa\u00eds iniciaron sondeos por el delantero Tob\u00edas Z\u00e1rate, de 21 a\u00f1os, hijo del exdelantero velezano Rolando Z\u00e1rate, que est\u00e1 cedido a pr\u00e9stamo a Deportivo Mor\u00f3n hasta diciembre pr\u00f3ximo.<a href=\"javascript:void(0)\"><\/a><\/p>\n","protected":false},"excerpt":{"rendered":"<p>V\u00e9lez Sarsfield<\/p>\n","protected":false},"author":1,"featured_media":39574,"comment_status":"open","ping_status":"open","sticky":false,"template":"","format":"standard","meta":{"footnotes":""},"categories":[6],"tags":[],"class_list":["post-11083","post","type-post","status-publish","format-standard","has-post-thumbnail","hentry","category-deportes"],"_links":{"self":[{"href":"https:\/\/panoramadelsur.com.ar\/index.php?rest_route=\/wp\/v2\/posts\/11083","targetHints":{"allow":["GET"]}}],"collection":[{"href":"https:\/\/panoramadelsur.com.ar\/index.php?rest_route=\/wp\/v2\/posts"}],"about":[{"href":"https:\/\/panoramadelsur.com.ar\/index.php?rest_route=\/wp\/v2\/types\/post"}],"author":[{"embeddable":true,"href":"https:\/\/panoramadelsur.com.ar\/index.php?rest_route=\/wp\/v2\/users\/1"}],"replies":[{"embeddable":true,"href":"https:\/\/panoramadelsur.com.ar\/index.php?rest_route=%2Fwp%2Fv2%2Fcomments&post=11083"}],"version-history":[{"count":1,"href":"https:\/\/panoramadelsur.com.ar\/index.php?rest_route=\/wp\/v2\/posts\/11083\/revisions"}],"predecessor-version":[{"id":11085,"href":"https:\/\/panoramadelsur.com.ar\/index.php?rest_route=\/wp\/v2\/posts\/11083\/revisions\/11085"}],"wp:featuredmedia":[{"embeddable":true,"href":"https:\/\/panoramadelsur.com.ar\/index.php?rest_route=\/wp\/v2\/media\/39574"}],"wp:attachment":[{"href":"https:\/\/panoramadelsur.com.ar\/index.php?rest_route=%2Fwp%2Fv2%2Fmedia&parent=11083"}],"wp:term":[{"taxonomy":"category","embeddable":true,"href":"https:\/\/panoramadelsur.com.ar\/index.php?rest_route=%2Fwp%2Fv2%2Fcategories&post=11083"},{"taxonomy":"post_tag","embeddable":true,"href":"https:\/\/panoramadelsur.com.ar\/index.php?rest_route=%2Fwp%2Fv2%2Ftags&post=11083"}],"curies":[{"name":"wp","href":"https:\/\/api.w.org\/{rel}","templated":true}]}}