{"id":11101,"date":"2021-10-01T02:06:37","date_gmt":"2021-10-01T05:06:37","guid":{"rendered":"http:\/\/panoramadelsur.com.ar\/?p=11101"},"modified":"2021-10-01T02:06:39","modified_gmt":"2021-10-01T05:06:39","slug":"manzur-en-octubre-vamos-a-entrar-en-la-ultima-etapa-de-esta-pandemia","status":"publish","type":"post","link":"https:\/\/panoramadelsur.com.ar\/?p=11101","title":{"rendered":"MANZUR: \u00abEN OCTUBRE VAMOS A ENTRAR EN LA \u00daLTIMA ETAPA DE ESTA PANDEMIA\u00bb"},"content":{"rendered":"\n<p>El jefe de Gabinete, Juan Manzur, dijo que es muy posible que en octubre pr\u00f3ximo el pa\u00eds ingrese en \u00abla \u00faltima etapa\u00bb de la pandemia de coronavirus y adelant\u00f3 que en quince d\u00edas se estar\u00e1 superando el \u00ab50 por ciento de cobertura\u00bb de la poblaci\u00f3n con las dos dosis de la vacuna.<\/p>\n\n\n\n<p>Manzur dijo que esos avances \u00abdar\u00e1n mayor tranquilidad\u00bb para continuar con la flexibilizaci\u00f3n de otras actividades, adem\u00e1s de la anunciada sobre el regreso de los espectadores a los estadios de f\u00fatbol.<\/p>\n\n\n\n<p>\u00abEn los pr\u00f3ximos 15 d\u00edas vamos a estar superando el 50 por ciento de cobertura de vacuna, que nos dar\u00e1 mayor tranquilidad. Durante octubre, en base a dosis que tenemos en stock y las que van a llegar, vamos a entrar quiz\u00e1 en la \u00faltima etapa de esta pandemia. Vamos a seguir avanzando permanentemente en tanto que la situaci\u00f3n epidemiol\u00f3gica lo permita\u00bb, dijo Manzur en una conferencia de prensa que brind\u00f3 en Casa Rosada.<\/p>\n\n\n\n<p>Manzur estuvo acompa\u00f1ado por el ministro de Seguridad, An\u00edbal Fern\u00e1ndez; la titular de la cartera de Salud, Carla Vizzotti; y el ministro de Turismo y Deportes, Mat\u00edas Lammens.<\/p>\n\n\n\n<p>Previo a la conferencia de prensa, se realiz\u00f3 una reuni\u00f3n interministerial entre el jefe de Gabinete y los ministros que lo acompa\u00f1aron en la rueda de prensa.<\/p>\n\n\n\n<p>Durante la conferencia, la ministra Vizzotti, destac\u00f3 el \u00abempuj\u00f3n final de vacunaci\u00f3n\u00bb que se est\u00e1 realizando a trav\u00e9s del Plan Nacional de Vacunaci\u00f3n, al que calific\u00f3 como \u00abmuy acelerado\u00bb.<\/p>\n\n\n\n<p>Mencion\u00f3 el proceso de inoculaci\u00f3n con segunda dosis y en los ni\u00f1os entre 12 y 18 a\u00f1os, que caracterizan al plan de vacunaci\u00f3n actualmente y refuerza la protecci\u00f3n de los ciudadanos contra el coronavirus, al tiempo que mencion\u00f3 para la semana que viene la llegada de 1,6 millones de dosis del laboratorio Pfizer que se aplica a adolescentes.<a href=\"javascript:void(0)\"><\/a><\/p>\n","protected":false},"excerpt":{"rendered":"<p>El jefe<\/p>\n","protected":false},"author":1,"featured_media":39574,"comment_status":"open","ping_status":"open","sticky":false,"template":"","format":"standard","meta":{"footnotes":""},"categories":[4],"tags":[],"class_list":["post-11101","post","type-post","status-publish","format-standard","has-post-thumbnail","hentry","category-nacionales"],"_links":{"self":[{"href":"https:\/\/panoramadelsur.com.ar\/index.php?rest_route=\/wp\/v2\/posts\/11101","targetHints":{"allow":["GET"]}}],"collection":[{"href":"https:\/\/panoramadelsur.com.ar\/index.php?rest_route=\/wp\/v2\/posts"}],"about":[{"href":"https:\/\/panoramadelsur.com.ar\/index.php?rest_route=\/wp\/v2\/types\/post"}],"author":[{"embeddable":true,"href":"https:\/\/panoramadelsur.com.ar\/index.php?rest_route=\/wp\/v2\/users\/1"}],"replies":[{"embeddable":true,"href":"https:\/\/panoramadelsur.com.ar\/index.php?rest_route=%2Fwp%2Fv2%2Fcomments&post=11101"}],"version-history":[{"count":1,"href":"https:\/\/panoramadelsur.com.ar\/index.php?rest_route=\/wp\/v2\/posts\/11101\/revisions"}],"predecessor-version":[{"id":11103,"href":"https:\/\/panoramadelsur.com.ar\/index.php?rest_route=\/wp\/v2\/posts\/11101\/revisions\/11103"}],"wp:featuredmedia":[{"embeddable":true,"href":"https:\/\/panoramadelsur.com.ar\/index.php?rest_route=\/wp\/v2\/media\/39574"}],"wp:attachment":[{"href":"https:\/\/panoramadelsur.com.ar\/index.php?rest_route=%2Fwp%2Fv2%2Fmedia&parent=11101"}],"wp:term":[{"taxonomy":"category","embeddable":true,"href":"https:\/\/panoramadelsur.com.ar\/index.php?rest_route=%2Fwp%2Fv2%2Fcategories&post=11101"},{"taxonomy":"post_tag","embeddable":true,"href":"https:\/\/panoramadelsur.com.ar\/index.php?rest_route=%2Fwp%2Fv2%2Ftags&post=11101"}],"curies":[{"name":"wp","href":"https:\/\/api.w.org\/{rel}","templated":true}]}}