{"id":11109,"date":"2021-10-01T02:28:16","date_gmt":"2021-10-01T05:28:16","guid":{"rendered":"http:\/\/panoramadelsur.com.ar\/?p=11109"},"modified":"2021-10-01T02:28:17","modified_gmt":"2021-10-01T05:28:17","slug":"kulfas-destaco-la-importancia-del-trabajo-publico-privado-para-la-industria-del-cannabis-medicinal","status":"publish","type":"post","link":"https:\/\/panoramadelsur.com.ar\/?p=11109","title":{"rendered":"KULFAS DESTAC\u00d3 LA IMPORTANCIA DEL TRABAJO P\u00daBLICO-PRIVADO PARA LA INDUSTRIA DEL CANNABIS MEDICINAL"},"content":{"rendered":"\n<p>El ministro de Desarrollo Productivo, Mat\u00edas Kulfas, destac\u00f3 \u201cla necesidad de fortalecer los entramados p\u00fablico-privado con fuerte incidencia en el desarrollo de la industria del cannabis medicinal\u201d y subray\u00f3 la importancia de establecer par\u00e1metros de calidad y trazabilidad en toda la cadena productiva, se inform\u00f3 oficialmente.<\/p>\n\n\n\n<p>Kulfas particip\u00f3 en el \u201cII Congreso Argentino de Cannabis y Salud y la III Conferencia Americana de profesionales Cannabinoides-2021\u201d que se desarroll\u00f3 en la ciudad riojana de Chilecito, donde m\u00e1s de 100 expertos internacionales expusieron sobre \u201cel potencial que la Argentina tiene para el desarrollo del sector\u201d, indicaron.<\/p>\n\n\n\n<p>\u201cCelebro que se realice este Congreso porque es una expresi\u00f3n concreta del tipo de producci\u00f3n y desarrollo que esperamos para esta industria, para que se desarrolle en escala y para que nazca con preceptos de calidad, de productividad, de investigaci\u00f3n, desarrollo de gen\u00e9tica y de diferenciaci\u00f3n de producto\u201d, se\u00f1al\u00f3 el ministro quien particip\u00f3 del encuentro de manera virtual.<\/p>\n\n\n\n<p>A\u00f1adi\u00f3 que el tipo de producci\u00f3n con calidad \u201credit\u00faa para construir una industria que va a tener mayor valor agregado y mejores precios para poder generar mejores desarrollos dentro de la cadena\u201d.<\/p>\n\n\n\n<p>\u201cTenemos la certeza que esta es una actividad que le va a permitir a la Argentina y a todas sus provincias el desarrollo de una gran cantidad de puestos de trabajo y desarrollar una cadena de valor que tiene como destino el mercado interno y tambi\u00e9n la exportaci\u00f3n\u201d, afirm\u00f3.<\/p>\n\n\n\n<p>Asimismo manifest\u00f3 la necesidad de establecer par\u00e1metros de calidad y trazabilidad en el desarrollo de la industria del cannabis para \u201cobtener un producto de calidad, lo que va a significar mejores ingresos por emprendimientos que se desarrollen, m\u00e1s recursos para las provincias y mejores salarios para quienes trabajan en la actividad\u201d.<\/p>\n\n\n\n<p>El encuentro fue organizado por Cannamerica, la empresa Agrogen\u00e9tica riojana Sapem y la c\u00e1tedra \u201cCannabis y Salud\u201d de la Universidad Nacional de La Plata, participaron, entre otros, la ministra de Salud, Carla Vizzotti; el gobernador de La Rioja, Ricardo Quintela; y el director m\u00e9dico de la Fundaci\u00f3n Latinoam\u00e9rica Reforma y Presidente de Cannamerica, Sergio S\u00e1nchez.<\/p>\n\n\n\n<p>Seg\u00fan estimaciones oficiales, el potencial econ\u00f3mico para el desarrollo de la actividad del cannabis medicinal y el c\u00e1\u00f1amo industrial para el a\u00f1o 2025 se proyecta en 10.000 nuevos empleos (alto porcentaje en I+D+i), 500 millones de d\u00f3lares en ventas al mercado interno anuales y 50 millones de d\u00f3lares anuales en concepto de exportaci\u00f3n.<\/p>\n\n\n\n<p>El proyecto de ley \u201cMarco regulatorio para el desarrollo de la industria del cannabis medicinal y el c\u00e1\u00f1amo industrial\u201d -que ya obtuvo media sanci\u00f3n en el Senado- promueve mecanismos de autorizaciones para los productores y comercializadores, y estrategias de seguridad, fiscalizaci\u00f3n y trazabilidad en la cadena.<\/p>\n\n\n\n<p>Adem\u00e1s, impulsa la creaci\u00f3n de la Agencia Regulatoria de la Industria del C\u00e1\u00f1amo y del Cannabis Medicinal (Ariccame), la que tendr\u00e1 entre sus funciones regular, administrar y fiscalizar toda la cadena productiva de cannabis y c\u00e1\u00f1amo.<\/p>\n\n\n\n<p>Tambi\u00e9n la potestad de otorgar y administrar autorizaciones para producci\u00f3n y comercializaci\u00f3n, con especial atenci\u00f3n a pymes, cooperativas y econom\u00edas regionales.<a href=\"javascript:void(0)\"><\/a><\/p>\n","protected":false},"excerpt":{"rendered":"<p>El ministro<\/p>\n","protected":false},"author":1,"featured_media":39574,"comment_status":"open","ping_status":"open","sticky":false,"template":"","format":"standard","meta":{"footnotes":""},"categories":[4],"tags":[],"class_list":["post-11109","post","type-post","status-publish","format-standard","has-post-thumbnail","hentry","category-nacionales"],"_links":{"self":[{"href":"https:\/\/panoramadelsur.com.ar\/index.php?rest_route=\/wp\/v2\/posts\/11109","targetHints":{"allow":["GET"]}}],"collection":[{"href":"https:\/\/panoramadelsur.com.ar\/index.php?rest_route=\/wp\/v2\/posts"}],"about":[{"href":"https:\/\/panoramadelsur.com.ar\/index.php?rest_route=\/wp\/v2\/types\/post"}],"author":[{"embeddable":true,"href":"https:\/\/panoramadelsur.com.ar\/index.php?rest_route=\/wp\/v2\/users\/1"}],"replies":[{"embeddable":true,"href":"https:\/\/panoramadelsur.com.ar\/index.php?rest_route=%2Fwp%2Fv2%2Fcomments&post=11109"}],"version-history":[{"count":1,"href":"https:\/\/panoramadelsur.com.ar\/index.php?rest_route=\/wp\/v2\/posts\/11109\/revisions"}],"predecessor-version":[{"id":11110,"href":"https:\/\/panoramadelsur.com.ar\/index.php?rest_route=\/wp\/v2\/posts\/11109\/revisions\/11110"}],"wp:featuredmedia":[{"embeddable":true,"href":"https:\/\/panoramadelsur.com.ar\/index.php?rest_route=\/wp\/v2\/media\/39574"}],"wp:attachment":[{"href":"https:\/\/panoramadelsur.com.ar\/index.php?rest_route=%2Fwp%2Fv2%2Fmedia&parent=11109"}],"wp:term":[{"taxonomy":"category","embeddable":true,"href":"https:\/\/panoramadelsur.com.ar\/index.php?rest_route=%2Fwp%2Fv2%2Fcategories&post=11109"},{"taxonomy":"post_tag","embeddable":true,"href":"https:\/\/panoramadelsur.com.ar\/index.php?rest_route=%2Fwp%2Fv2%2Ftags&post=11109"}],"curies":[{"name":"wp","href":"https:\/\/api.w.org\/{rel}","templated":true}]}}