{"id":11111,"date":"2021-10-01T02:36:39","date_gmt":"2021-10-01T05:36:39","guid":{"rendered":"http:\/\/panoramadelsur.com.ar\/?p=11111"},"modified":"2021-10-01T02:36:45","modified_gmt":"2021-10-01T05:36:45","slug":"estamos-transitando-la-reconstruccion-de-la-argentina-dijo-tolosa-paz","status":"publish","type":"post","link":"https:\/\/panoramadelsur.com.ar\/?p=11111","title":{"rendered":"\u00abESTAMOS TRANSITANDO LA RECONSTRUCCI\u00d3N DE LA ARGENTINA\u00bb, DIJO TOLOSA PAZ"},"content":{"rendered":"\n<p>La candidata a diputada nacional del Frente de Todos por la provincia de Buenos Aires Victoria Tolosa Paz particip\u00f3 de un ciclo de encuentros con candidatos organizado por la Delegaci\u00f3n de Asociaciones Israelitas de Argentina (DAIA), ocasi\u00f3n en la que remarc\u00f3 que \u00abestamos transitando la reconstrucci\u00f3n de la Argentina\u00bb con \u00abpilares firmes en materia econ\u00f3mica, social y ambiental\u00bb.<\/p>\n\n\n\n<p>En el marco del inicio de la campa\u00f1a electoral para las elecciones legislativas del 14 de noviembre, los candidatos analizaron \u00abla perspectiva de la salida de la pandemia en el mediano y largo plazo\u00bb y el \u00abrumbo de la reconstrucci\u00f3n de la Argentina\u00bb.<\/p>\n\n\n\n<p>\u00abEstamos transitando la reconstrucci\u00f3n de la Argentina con pilares firmes en materia econ\u00f3mica, social y ambiental\u00bb, afirm\u00f3 la candidata a diputada nacional seg\u00fan un comunicado y asegur\u00f3 que para eso es necesario ser \u00abcapaces de crecer y redistribuir\u00bb, lo cual se logra con \u00abcambios en la matriz impositiva y generando condiciones de acceso al trabajo\u00bb.<\/p>\n\n\n\n<p>En la reuni\u00f3n se repasaron, adem\u00e1s, las modificaciones que hizo el Gobierno al dar vuelta \u00abla matriz impositiva\u00bb para hacerla \u00abm\u00e1s progresiva a favor de los que menos tienen y del 95% de las pymes\u00bb.<\/p>\n\n\n\n<p>Consultada sobre un proyecto de ley sobre juicio en ausencia que impulsa un sector de la oposici\u00f3n, Tolosa Paz respondi\u00f3 que \u00absiempre\u00bb la \u00abvan a encontrar, como estuvo Cristina Kirchner cuando fue senadora y presidenta, contribuyendo en la b\u00fasqueda de justicia que necesita el pueblo argentino\u00bb.<\/p>\n\n\n\n<p>Record\u00f3 que el ataque a la AMIA fue \u00abel m\u00e1ximo atentado internacional que sufri\u00f3 nuestro pa\u00eds el 18 de julio de 1994\u00bb y expres\u00f3 su \u00abprofundo pesar y padecimiento\u00bb por el fallecimiento de H\u00e9ctor Timerman y por \u00abla tremenda acusaci\u00f3n que recibieron tanto \u00e9l como Cristina\u00bb.<\/p>\n\n\n\n<p>En ese contexto, manifest\u00f3 que en la actualidad se asiste \u00abal desmantelamiento de esa falsa acusaci\u00f3n\u00bb contra ambos, y agreg\u00f3: \u00abNo tengo ninguna duda que tanto Cristina como H\u00e9ctor no solamente han trabajado para ayudar a construir justicia, sino que ese fue el cap\u00edtulo que nos tiene que dejar una ense\u00f1anza: cuando la pol\u00edtica partidaria se mete en un dolor como fue el atentado en b\u00fasqueda de r\u00e9dito, retrocedemos como pa\u00eds en el alcance de justicia\u00bb.<\/p>\n\n\n\n<p>Tolosa Paz fue la primera invitada a los ciclos pol\u00edticos organizados por la Delegaci\u00f3n de Asociaciones Israelitas de Argentina, que preside Jorge Knoblovits.<\/p>\n\n\n\n<p>En el encuentro participaron, adem\u00e1s de su presidente, el secretario general, Alejandro Zuchowicki; el tesorero, Marcos Cohen; el vicepresidente 2\u00b0 Marcelo Taussik: el protesorero 1, Alberto Zimerman; el revisor de cuentas suplente, Jorge Slabodsky; los vocales, Susana Gelber, Daniel Sztutwojner, Gustavo Michanie, Pedro Berestovoy; y otros referentes de la entidad.<\/p>\n\n\n\n<p>Sobre los proyectos a trabajar en el Congreso, la candidata destac\u00f3 la importancia de \u00abla ley sobre el complejo agroindustrial\u00bb, porque \u00abva a ser clave para generar beneficios impositivos a quienes inviertan en la generaci\u00f3n de valor en origen con destino de exportaciones\u00bb.<\/p>\n\n\n\n<p>En ese sentido, resalt\u00f3 \u00abla necesidad de apuntalar el sistema educativo p\u00fablico creando la obligatoriedad de sala de 3 y dando mayor presupuesto\u00bb.<\/p>\n\n\n\n<p>En materia ambiental, y ante la consulta de los referentes de la organizaci\u00f3n, Tolosa Paz manifest\u00f3 su \u00abapoyo a la Ley de Humedales que nos va a permitir preservar ese recurso, para que en las zonas inundables no avance el sector inmobiliario, ni el extractivista\u00bb.<\/p>\n\n\n\n<p>Tras el encuentro, Tolosa Paz realiz\u00f3 una visita a la localidad de Mercedes junto al intendente Juan Ustarroz donde, entre otras actividades, particip\u00f3 de la entrega de cunitas en el marco del programa Mil d\u00edas de Mercedes, que son confeccionadas por carpinteras que sufrieron violencia de g\u00e9nero de la cooperativa Sue\u00f1o Seguro.<\/p>\n","protected":false},"excerpt":{"rendered":"<p>La candidata<\/p>\n","protected":false},"author":1,"featured_media":39574,"comment_status":"open","ping_status":"open","sticky":false,"template":"","format":"standard","meta":{"footnotes":""},"categories":[5],"tags":[],"class_list":["post-11111","post","type-post","status-publish","format-standard","has-post-thumbnail","hentry","category-provincia"],"_links":{"self":[{"href":"https:\/\/panoramadelsur.com.ar\/index.php?rest_route=\/wp\/v2\/posts\/11111","targetHints":{"allow":["GET"]}}],"collection":[{"href":"https:\/\/panoramadelsur.com.ar\/index.php?rest_route=\/wp\/v2\/posts"}],"about":[{"href":"https:\/\/panoramadelsur.com.ar\/index.php?rest_route=\/wp\/v2\/types\/post"}],"author":[{"embeddable":true,"href":"https:\/\/panoramadelsur.com.ar\/index.php?rest_route=\/wp\/v2\/users\/1"}],"replies":[{"embeddable":true,"href":"https:\/\/panoramadelsur.com.ar\/index.php?rest_route=%2Fwp%2Fv2%2Fcomments&post=11111"}],"version-history":[{"count":1,"href":"https:\/\/panoramadelsur.com.ar\/index.php?rest_route=\/wp\/v2\/posts\/11111\/revisions"}],"predecessor-version":[{"id":11113,"href":"https:\/\/panoramadelsur.com.ar\/index.php?rest_route=\/wp\/v2\/posts\/11111\/revisions\/11113"}],"wp:featuredmedia":[{"embeddable":true,"href":"https:\/\/panoramadelsur.com.ar\/index.php?rest_route=\/wp\/v2\/media\/39574"}],"wp:attachment":[{"href":"https:\/\/panoramadelsur.com.ar\/index.php?rest_route=%2Fwp%2Fv2%2Fmedia&parent=11111"}],"wp:term":[{"taxonomy":"category","embeddable":true,"href":"https:\/\/panoramadelsur.com.ar\/index.php?rest_route=%2Fwp%2Fv2%2Fcategories&post=11111"},{"taxonomy":"post_tag","embeddable":true,"href":"https:\/\/panoramadelsur.com.ar\/index.php?rest_route=%2Fwp%2Fv2%2Ftags&post=11111"}],"curies":[{"name":"wp","href":"https:\/\/api.w.org\/{rel}","templated":true}]}}