{"id":11117,"date":"2021-10-02T03:03:00","date_gmt":"2021-10-02T06:03:00","guid":{"rendered":"http:\/\/panoramadelsur.com.ar\/?p=11117"},"modified":"2021-10-01T03:06:21","modified_gmt":"2021-10-01T06:06:21","slug":"patentamientos-de-unidades-0-kilometro-cayeron-en-septiembre-95-interanual","status":"publish","type":"post","link":"https:\/\/panoramadelsur.com.ar\/?p=11117","title":{"rendered":"PATENTAMIENTOS DE UNIDADES 0 KIL\u00d3METRO CAYERON EN SEPTIEMBRE 9,5% INTERANUAL"},"content":{"rendered":"\n<p>La cantidad de veh\u00edculos 0 Kil\u00f3metro patentados durante septiembre marc\u00f3 un retroceso de 9,5% respecto a igual mes del a\u00f1o pasado, al sumar 31.681 unidades contra 35.014 unidades de igual per\u00edodo de 2020, de acuerdo con un reporte de la Asociaci\u00f3n de Concesionarios de Automotores (ACARA).<\/p>\n\n\n\n<p>De esta forma, en los primeros nueves meses del a\u00f1o se patentaron 307.246 unidades, con un incremento de 23,1% frente al mismo per\u00edodo de 2020, en el que se hab\u00edan registrado 249.532 veh\u00edculos.<\/p>\n\n\n\n<p>Al explicar la baja registrada respecto a doce meses atr\u00e1s, el presidente de Acara, Ricardo Salom\u00e9, dijo que \u00abes un fen\u00f3meno global que tambi\u00e9n est\u00e1 pasando en Brasil, Estados Unidos y Jap\u00f3n, por la crisis del faltante de microchips y eso impacta en varias industrias, pero a esta oferta global resentida se suma la poca liberaci\u00f3n local de los autos importados, un combo muy grave que afecta totalmente al sector concesionario\u00bb.<\/p>\n\n\n\n<p>No obstante, el directivo se\u00f1al\u00f3 que los n\u00fameros de septiembre \u00abdan un acumulado anual que sigue siendo positivo; son n\u00fameros casi \u00e9picos si se tiene presente que hoy hay concesionarias pr\u00e1cticamente vac\u00edas por la falta de unidades para ofrecer\u00bb.<\/p>\n\n\n\n<p>Salom\u00e9 entendi\u00f3 que \u00ablos d\u00f3lares son prioritarios para la macroeconom\u00eda\u00bb pero a la vez consider\u00f3 importante \u00abdecir que en la actividad la balanza comercial de autos terminados con Brasil es positiva, este a\u00f1o se exportar\u00e1n 230.000 veh\u00edculos, de 25.000 d\u00f3lares promedio, y se importar\u00e1n 180.000, de 15.000 d\u00f3lares promedio\u00bb.<\/p>\n\n\n\n<p>De cara a los pr\u00f3ximos tres meses, la conducci\u00f3n de Acara record\u00f3 que en el primer trimestre del a\u00f1o las proyecciones eran de un total de 450.000 veh\u00edculos, que luego pasaron a 420.000 y ahora est\u00e1n en torno a 375.000.<\/p>\n\n\n\n<p>\u00abCon un aumento en la liberaci\u00f3n de importaciones, el mercado podr\u00eda ara\u00f1ar las 400.000 unidades y al Estado le ingresar\u00edan 600 millones de d\u00f3lares adicionales\u00bb, sostuvo el titular de Acara.<\/p>\n","protected":false},"excerpt":{"rendered":"<p>La cantidad<\/p>\n","protected":false},"author":1,"featured_media":39574,"comment_status":"open","ping_status":"open","sticky":false,"template":"","format":"standard","meta":{"footnotes":""},"categories":[4],"tags":[],"class_list":["post-11117","post","type-post","status-publish","format-standard","has-post-thumbnail","hentry","category-nacionales"],"_links":{"self":[{"href":"https:\/\/panoramadelsur.com.ar\/index.php?rest_route=\/wp\/v2\/posts\/11117","targetHints":{"allow":["GET"]}}],"collection":[{"href":"https:\/\/panoramadelsur.com.ar\/index.php?rest_route=\/wp\/v2\/posts"}],"about":[{"href":"https:\/\/panoramadelsur.com.ar\/index.php?rest_route=\/wp\/v2\/types\/post"}],"author":[{"embeddable":true,"href":"https:\/\/panoramadelsur.com.ar\/index.php?rest_route=\/wp\/v2\/users\/1"}],"replies":[{"embeddable":true,"href":"https:\/\/panoramadelsur.com.ar\/index.php?rest_route=%2Fwp%2Fv2%2Fcomments&post=11117"}],"version-history":[{"count":1,"href":"https:\/\/panoramadelsur.com.ar\/index.php?rest_route=\/wp\/v2\/posts\/11117\/revisions"}],"predecessor-version":[{"id":11119,"href":"https:\/\/panoramadelsur.com.ar\/index.php?rest_route=\/wp\/v2\/posts\/11117\/revisions\/11119"}],"wp:featuredmedia":[{"embeddable":true,"href":"https:\/\/panoramadelsur.com.ar\/index.php?rest_route=\/wp\/v2\/media\/39574"}],"wp:attachment":[{"href":"https:\/\/panoramadelsur.com.ar\/index.php?rest_route=%2Fwp%2Fv2%2Fmedia&parent=11117"}],"wp:term":[{"taxonomy":"category","embeddable":true,"href":"https:\/\/panoramadelsur.com.ar\/index.php?rest_route=%2Fwp%2Fv2%2Fcategories&post=11117"},{"taxonomy":"post_tag","embeddable":true,"href":"https:\/\/panoramadelsur.com.ar\/index.php?rest_route=%2Fwp%2Fv2%2Ftags&post=11117"}],"curies":[{"name":"wp","href":"https:\/\/api.w.org\/{rel}","templated":true}]}}