{"id":11122,"date":"2021-10-01T04:30:40","date_gmt":"2021-10-01T07:30:40","guid":{"rendered":"http:\/\/panoramadelsur.com.ar\/?p=11122"},"modified":"2021-10-01T04:30:42","modified_gmt":"2021-10-01T07:30:42","slug":"el-municipio-de-quilmes-continua-con-los-trabajos-diarios-de-mantenimiento-del-espacio-publico-del-distrito","status":"publish","type":"post","link":"https:\/\/panoramadelsur.com.ar\/?p=11122","title":{"rendered":"EL MUNICIPIO DE QUILMES CONTIN\u00daA CON LOS TRABAJOS DIARIOS DE MANTENIMIENTO DEL ESPACIO P\u00daBLICO DEL DISTRITO"},"content":{"rendered":"\n<p>El Municipio de Quilmes avanza con el trabajo diario de mantenimiento del espacio p\u00fablico en todo el distrito, con tareas de bacheo y repavimentaci\u00f3n, limpieza de calles y arroyos, corte de pasto y desmalezado, levantamiento de ramas y mont\u00edculos, erradicaci\u00f3n de microbasurales y saneamiento h\u00eddrico.<\/p>\n\n\n\n<p>Durante la jornada del jueves, personal de la Secretar\u00eda de Servicios P\u00fablicos que encabeza \u00c1ngel Garc\u00eda, realiz\u00f3 labores de reparaci\u00f3n con carpeta asf\u00e1ltica, que incluyeron aserrado y recolecci\u00f3n de escombros, en la calle 889 entre Pasco y calle 882, en el barrio La Paz, en Quilmes Oeste. En tanto, se llev\u00f3 adelante el desmonte de pavimento y la preparaci\u00f3n de terreno para el futuro llenado con hormig\u00f3n H8, en La Rioja y calle 388, de Quilmes Oeste.<\/p>\n\n\n\n<p>A su vez, cuadrillas de Higiene Urbana, con camiones, bateas y palas mec\u00e1nicas, concretaron un operativo de limpieza de microbasurales en las calles 816 y 885, y en la calle 812, en el barrio La Matera, en la zona oeste del distrito. Lo mismo ocurri\u00f3 en la zona comprendida por las calles 816 a 822 y de Camino General Belgrano a arroyo Las Piedras, en el barrio Jos\u00e9 Hern\u00e1ndez, de Quilmes Oeste. Mientras que de levantaron ramas y mont\u00edculos en Barrio Parque Don Bosco y en distintos puntos del distrito.<\/p>\n\n\n\n<p>En esta l\u00ednea, con maquinaria pesada, bateas y camiones, contin\u00faa el trabajo diario de limpieza del arroyo Las Piedras, desde Rodolfo L\u00f3pez hasta la avenida, en el oeste de Quilmes y de Bernal.<\/p>\n\n\n\n<p>Por su parte, se ejecutaron labores de limpieza, cordoneo y blanqueo de cordones sobre la calle Estanislao del Campo desde Florencio Varela hasta Rep\u00fablica de Francia, en el barrio El Jal\u00f3n, en Ezpeleta Oeste. Mismas acciones se dieron en la calle Sarratea desde calle 389 hasta Camino General Belgrano, en el barrio Bella Vista, en Quilmes Oeste.<\/p>\n\n\n\n<p><strong>Trabajos en las plazas y parques<\/strong><\/p>\n\n\n\n<p>A lo largo del d\u00eda, se llevaron adelante trabajos de corte de pasto, desmalezado y pintura de cordones y estructuras en diferentes plazas y parques del distrito, como la plaza Nueva Villa Argentina (Larrea y Guti\u00e9rrez, Ezpeleta); en la Corrientes y Madame Curie, de Quilmes Oeste, y en el Parque Lineal Don Bosco (Casero e Illia).<\/p>\n\n\n\n<p><strong>Saneamiento h\u00eddrico<\/strong><\/p>\n\n\n\n<p>Por \u00faltimo, personal de la Subsecretar\u00eda de Agua, Cloacas y Saneamiento H\u00eddrico realiz\u00f3 reparaci\u00f3n de cloacas, reconstrucci\u00f3n de sumideros, construcci\u00f3n de tapas de hormig\u00f3n, desobstrucci\u00f3n de cloacas, y control de napas y de las estaciones de bombeo.<\/p>\n","protected":false},"excerpt":{"rendered":"<p>El Municipio<\/p>\n","protected":false},"author":1,"featured_media":39574,"comment_status":"open","ping_status":"open","sticky":false,"template":"","format":"standard","meta":{"footnotes":""},"categories":[2],"tags":[],"class_list":["post-11122","post","type-post","status-publish","format-standard","has-post-thumbnail","hentry","category-quilmes"],"_links":{"self":[{"href":"https:\/\/panoramadelsur.com.ar\/index.php?rest_route=\/wp\/v2\/posts\/11122","targetHints":{"allow":["GET"]}}],"collection":[{"href":"https:\/\/panoramadelsur.com.ar\/index.php?rest_route=\/wp\/v2\/posts"}],"about":[{"href":"https:\/\/panoramadelsur.com.ar\/index.php?rest_route=\/wp\/v2\/types\/post"}],"author":[{"embeddable":true,"href":"https:\/\/panoramadelsur.com.ar\/index.php?rest_route=\/wp\/v2\/users\/1"}],"replies":[{"embeddable":true,"href":"https:\/\/panoramadelsur.com.ar\/index.php?rest_route=%2Fwp%2Fv2%2Fcomments&post=11122"}],"version-history":[{"count":1,"href":"https:\/\/panoramadelsur.com.ar\/index.php?rest_route=\/wp\/v2\/posts\/11122\/revisions"}],"predecessor-version":[{"id":11124,"href":"https:\/\/panoramadelsur.com.ar\/index.php?rest_route=\/wp\/v2\/posts\/11122\/revisions\/11124"}],"wp:featuredmedia":[{"embeddable":true,"href":"https:\/\/panoramadelsur.com.ar\/index.php?rest_route=\/wp\/v2\/media\/39574"}],"wp:attachment":[{"href":"https:\/\/panoramadelsur.com.ar\/index.php?rest_route=%2Fwp%2Fv2%2Fmedia&parent=11122"}],"wp:term":[{"taxonomy":"category","embeddable":true,"href":"https:\/\/panoramadelsur.com.ar\/index.php?rest_route=%2Fwp%2Fv2%2Fcategories&post=11122"},{"taxonomy":"post_tag","embeddable":true,"href":"https:\/\/panoramadelsur.com.ar\/index.php?rest_route=%2Fwp%2Fv2%2Ftags&post=11122"}],"curies":[{"name":"wp","href":"https:\/\/api.w.org\/{rel}","templated":true}]}}