{"id":11125,"date":"2021-10-01T04:00:00","date_gmt":"2021-10-01T07:00:00","guid":{"rendered":"http:\/\/panoramadelsur.com.ar\/?p=11125"},"modified":"2021-10-01T04:34:38","modified_gmt":"2021-10-01T07:34:38","slug":"mayra-mendoza-ese-sueno-que-parecia-irrealizable-hoy-se-empieza-a-concretar","status":"publish","type":"post","link":"https:\/\/panoramadelsur.com.ar\/?p=11125","title":{"rendered":"MAYRA MENDOZA: \u00abESE SUE\u00d1O QUE PAREC\u00cdA IRREALIZABLE HOY SE EMPIEZA A CONCRETAR\u00bb"},"content":{"rendered":"\n<p>La intendenta de Quilmes, Mayra Mendoza, y el ministro de Desarrollo Territorial y H\u00e1bitat de la Naci\u00f3n, Jorge Ferraresi, encabezaron el mi\u00e9rcoles una nueva entrega de cr\u00e9ditos hipotecarios a tasa cero del programa federal Casa Propia para construcci\u00f3n a 15 familias del distrito.<\/p>\n\n\n\n<p>Tras felicitar a los adjudicatarios y las adjudicatarias, Mayra asegur\u00f3: \u201cHoy 15 familias de distintos puntos de la ciudad, hay de Solano, de Don Bosco, de Ezpeleta, de Bernal Oeste, pueden comenzar a dar este gran paso de la construcci\u00f3n de la casa propia como resultado de la articulaci\u00f3n que tenemos con el ministro Jorge Ferraresi y todo el Gobierno Nacional. Ese sue\u00f1o que parec\u00eda irrealizable hoy se empieza a concretar, como ocurri\u00f3 con tantas otras familias a las que ya les hemos otorgado cr\u00e9ditos en Quilmes\u201d.<\/p>\n\n\n\n<p>Acompa\u00f1ada por la secretaria de Desarrollo Urbano y Obra P\u00fablica, Ceci Soler, la Intendenta agreg\u00f3: \u201cPara nosotros es una alegr\u00eda enorme, porque no solo significa una realizaci\u00f3n como grupo familiar, sino tambi\u00e9n una ayuda a la reactivaci\u00f3n de la econom\u00eda, que es el gran desaf\u00edo que tenemos por delante. En este camino que hemos iniciado con Alberto, con Cristina, con Axel y con Jorge, vinimos a trabajar y ayudar a que los sue\u00f1os de los argentinos, de los bonaerenses y de los quilme\u00f1os se hagan realidad para que podamos volver a ser felices como alguna vez sucedi\u00f3 en la Argentina\u201d.<\/p>\n\n\n\n<p>En esta l\u00ednea, Ferraresi destac\u00f3 la importancia de que estas pol\u00edticas se sostengan en el tiempo: \u201cNosotros generacionalmente pens\u00e1bamos que ten\u00edamos que hacer nuestra casa para dej\u00e1rsela a nuestros hijos, ese era un mandato que ten\u00edamos, pero en realidad a nuestros hijos les tenemos que dejar un pa\u00eds que les permita cumplir el mismo sue\u00f1o que cumplen hoy ustedes. Y depende de nosotros qu\u00e9 pa\u00eds construimos. A veces construimos un pa\u00eds que avanza y que sostiene pol\u00edticas p\u00fablicas y otras veces las pol\u00edticas p\u00fablicas desaparecen\u201d.<\/p>\n\n\n\n<p>Asimismo, el Ministro indic\u00f3 que el programa Casa Propia significa \u201campliar derechos, cumplir sue\u00f1os y generar trabajo, y lo hacemos con el Municipio, con Mayra, que sabe lo que le pasa a su gente, que est\u00e1 permanentemente detr\u00e1s de esta problem\u00e1tica, y, aparte de entregar los cr\u00e9ditos, estamos trabajando tambi\u00e9n en reconstruir viviendas que estaban paralizadas hace mucho tiempo. Esta es la cuarta vez que venimos a Quilmes a entregar cr\u00e9ditos y, como siempre, queda abierta permanentemente la inscripci\u00f3n. Cada tanto vamos a volver porque habr\u00e1 m\u00e1s quilme\u00f1os que van a poder recibir su cr\u00e9dito para construir, como parte de estas pol\u00edticas que tenemos en conjunto con el Municipio\u201d.<\/p>\n\n\n\n<p>Sumamente emocionada, Laura D\u00edaz, una de las vecinas adjudicatarias, expres\u00f3: \u201cCon este cr\u00e9dito voy a poder cumplir mi sue\u00f1o. Estoy inmensamente agradecida por el trabajo que se est\u00e1 haciendo, porque s\u00e9 que esto es un trabajo que hacen para la gente y es algo a lo que s\u00e9 que no hubiese podido acceder de otra manera. Le quiero agradecer a Cristina, de coraz\u00f3n. Gracias a Mayra y a Jorge Ferraresi. Y gracias a N\u00e9stor, un beso al cielo\u201d.<\/p>\n\n\n\n<p>Tambi\u00e9n Carla L\u00f3pez Navarrete, otra de las vecinas que sali\u00f3 sorteada, manifest\u00f3 su alegr\u00eda y cont\u00f3 que \u201cestaba esperando este cr\u00e9dito hace un mont\u00f3n de tiempo para poder tener una casa propia. Estoy muy emocionada. Fue todo muy r\u00e1pido, ayer recib\u00ed un mensaje de texto del gerente del Banco Hipotecario y no sab\u00eda si era verdad, me vine hoy temprano a la Municipalidad para averiguar y cuando apareci\u00f3 mi nombre en la lista sent\u00ed una felicidad inmensa. No solo es el derecho a la casa propia, sino tambi\u00e9n, como dec\u00eda Ferraresi, ense\u00f1arle a nuestros hijos que con esfuerzo todo se puede y que les vamos a dejar un buen pa\u00eds\u201d.<\/p>\n\n\n\n<p>Por \u00faltimo, Eduardo Graneros asegur\u00f3 sentirse \u201cmuy contento\u201d por haber accedido al cr\u00e9dito. \u201cCre\u00ed que no se iba a dar, es la realidad, pero ac\u00e1 estoy, me voy muy emocionado\u201d y valor\u00f3 \u201ctoda la gesti\u00f3n hay que atr\u00e1s para que esto sea posible\u201d.<\/p>\n\n\n\n<p>La actividad se realiz\u00f3 en la Casa de la Cultura de Quilmes y cont\u00f3 adem\u00e1s con la presencia de la directora general de Vivienda, Adriana Cittadino.<\/p>\n\n\n\n<p>Casa Propia es una pol\u00edtica de alcance federal que busca reducir el d\u00e9ficit habitacional, garantizar el derecho a la vivienda y promover su acceso igualitario. Quienes est\u00e9n interesados en anotarse a los cr\u00e9ditos para construcci\u00f3n pueden hacerlo en el sitio web&nbsp;<a href=\"https:\/\/www.argentina.gob.ar\/habitat\/casapropia\" target=\"_blank\" rel=\"noreferrer noopener\">https:\/\/www.argentina.gob.ar\/habitat\/casapropia<\/a><\/p>\n","protected":false},"excerpt":{"rendered":"<p>La intendenta<\/p>\n","protected":false},"author":1,"featured_media":39574,"comment_status":"open","ping_status":"open","sticky":false,"template":"","format":"standard","meta":{"footnotes":""},"categories":[2],"tags":[],"class_list":["post-11125","post","type-post","status-publish","format-standard","has-post-thumbnail","hentry","category-quilmes"],"_links":{"self":[{"href":"https:\/\/panoramadelsur.com.ar\/index.php?rest_route=\/wp\/v2\/posts\/11125","targetHints":{"allow":["GET"]}}],"collection":[{"href":"https:\/\/panoramadelsur.com.ar\/index.php?rest_route=\/wp\/v2\/posts"}],"about":[{"href":"https:\/\/panoramadelsur.com.ar\/index.php?rest_route=\/wp\/v2\/types\/post"}],"author":[{"embeddable":true,"href":"https:\/\/panoramadelsur.com.ar\/index.php?rest_route=\/wp\/v2\/users\/1"}],"replies":[{"embeddable":true,"href":"https:\/\/panoramadelsur.com.ar\/index.php?rest_route=%2Fwp%2Fv2%2Fcomments&post=11125"}],"version-history":[{"count":1,"href":"https:\/\/panoramadelsur.com.ar\/index.php?rest_route=\/wp\/v2\/posts\/11125\/revisions"}],"predecessor-version":[{"id":11127,"href":"https:\/\/panoramadelsur.com.ar\/index.php?rest_route=\/wp\/v2\/posts\/11125\/revisions\/11127"}],"wp:featuredmedia":[{"embeddable":true,"href":"https:\/\/panoramadelsur.com.ar\/index.php?rest_route=\/wp\/v2\/media\/39574"}],"wp:attachment":[{"href":"https:\/\/panoramadelsur.com.ar\/index.php?rest_route=%2Fwp%2Fv2%2Fmedia&parent=11125"}],"wp:term":[{"taxonomy":"category","embeddable":true,"href":"https:\/\/panoramadelsur.com.ar\/index.php?rest_route=%2Fwp%2Fv2%2Fcategories&post=11125"},{"taxonomy":"post_tag","embeddable":true,"href":"https:\/\/panoramadelsur.com.ar\/index.php?rest_route=%2Fwp%2Fv2%2Ftags&post=11125"}],"curies":[{"name":"wp","href":"https:\/\/api.w.org\/{rel}","templated":true}]}}