{"id":11128,"date":"2021-10-01T04:01:00","date_gmt":"2021-10-01T07:01:00","guid":{"rendered":"http:\/\/panoramadelsur.com.ar\/?p=11128"},"modified":"2021-10-01T04:56:27","modified_gmt":"2021-10-01T07:56:27","slug":"mayra-mendoza-presento-8-nuevos-camiones-estamos-construyendo-el-quilmes-limpio-que-nos-merecemos","status":"publish","type":"post","link":"https:\/\/panoramadelsur.com.ar\/?p=11128","title":{"rendered":"MAYRA MENDOZA PRESENT\u00d3 8 NUEVOS CAMIONES: \u00abESTAMOS CONSTRUYENDO EL QUILMES LIMPIO QUE NOS MERECEMOS\u00bb"},"content":{"rendered":"\n<p>La intendenta de Quilmes, Mayra Mendoza, encabez\u00f3 el mi\u00e9rcoles por la tarde el acto de presentaci\u00f3n de siete camiones volcadores y un cami\u00f3n roll-off que se sumar\u00e1n a la flota municipal. En menos de dos a\u00f1os de gesti\u00f3n, se lograron incorporar 33 nuevos veh\u00edculos al parque automotor y 200 contenedores de residuos para mejorar la limpieza de la ciudad.<\/p>\n\n\n\n<p>\u201cEstamos presentando ocho nuevos camiones para poder brindar un mejor servicio de recolecci\u00f3n de residuos a todos nuestros vecinos y vecinas. Estos camiones se suman a otra flota que hemos incorporado, y cumplimos con duplicar la flota de camiones que nos encontramos en nuestro Municipio. Estamos construyendo el Quilmes Limpio que nos merecemos\u201d, expres\u00f3 Mayra, que estuvo acompa\u00f1ada por el Jefe de Gabinete, Alejandro Gandulfo; los secretarios de Servicios P\u00fablicos y de Gesti\u00f3n Integral de Residuos S\u00f3lidos Urbanos (GIRSU), \u00c1ngel Garc\u00eda y Roberto Gaudio, respectivamente; y el coordinador general de Seguimiento del Programa Potenciar Trabajo, Ignacio Castro.<\/p>\n\n\n\n<p>Mayra destac\u00f3 que \u201cesta es una tarea que requiere much\u00edsima inversi\u00f3n y lo estamos haciendo, acompa\u00f1ados del Gobierno Nacional y Provincial, y tambi\u00e9n del compromiso ambiental para poder lograr, entre todos y todas, tener una ciudad sustentable y limpia\u201d.<\/p>\n\n\n\n<p>Los siete camiones volcadores fueron adquiridos a trav\u00e9s de las l\u00edneas espec\u00edficas para Municipios de Provincia Leasing del Banco Provincia, mientras que el roll-off fue comprado mediante un trabajo articulado con el Banco de Inversi\u00f3n y Comercio Exterior (BICE). La actividad se desarroll\u00f3 en el predio del Parque Industrial La Bernalesa y dichas adquisiciones ser\u00e1n destinadas a reforzar las tareas de la Secretar\u00eda de Servicios P\u00fablicos, del GIRSU y del programa Potenciar Trabajo.<\/p>\n\n\n\n<p>\u00c1ngel Garc\u00eda sostuvo que \u201cel Municipio sigue sumando inversi\u00f3n en todo lo que significa la log\u00edstica para prestar mejores servicios. Cinco camiones corresponden a la Secretar\u00eda de Servicios P\u00fablicos, dos al \u00e1rea del GIRSU y uno al programa Potenciar Trabajo. Van a ser utilizados en las tareas habituales que hacemos en Servicios P\u00fablicos que hoy se ven reforzadas con esta importante inversi\u00f3n, definida y decidida por la intendenta Mayra Mendoza. Es un respaldo importante a la gesti\u00f3n que nos toca en este momento llevar adelante porque, es dotar de mayores y mejores herramientas para que los vecinos tengan mejores servicios\u201d.<\/p>\n\n\n\n<p>En esta l\u00ednea, Roberto Gaudio remarc\u00f3: \u201cUna vez m\u00e1s, vemos la inversi\u00f3n que viene haciendo este Gobierno Municipal de la intendenta Mayra Mendoza, que invirti\u00f3 como nunca en la historia de Quilmes en materia de veh\u00edculos, para mejorar d\u00eda a d\u00eda la recolecci\u00f3n de residuos s\u00f3lidos urbanos. Es un desaf\u00edo, sabemos que falta mucho para encontrar el \u00f3ptimo sistema que la Intendenta nos pide, pero sin dudas la inversi\u00f3n que se hizo hoy, la adquisici\u00f3n de estos nuevos veh\u00edculos, va a significar en la vida de los vecinos y vecinas mejoras no solo en la recolecci\u00f3n, sino en lo que venimos trabajando fuertemente que es eliminar los microbasurales\u201d.<\/p>\n","protected":false},"excerpt":{"rendered":"<p>La intendenta<\/p>\n","protected":false},"author":1,"featured_media":39574,"comment_status":"open","ping_status":"open","sticky":false,"template":"","format":"standard","meta":{"footnotes":""},"categories":[2],"tags":[],"class_list":["post-11128","post","type-post","status-publish","format-standard","has-post-thumbnail","hentry","category-quilmes"],"_links":{"self":[{"href":"https:\/\/panoramadelsur.com.ar\/index.php?rest_route=\/wp\/v2\/posts\/11128","targetHints":{"allow":["GET"]}}],"collection":[{"href":"https:\/\/panoramadelsur.com.ar\/index.php?rest_route=\/wp\/v2\/posts"}],"about":[{"href":"https:\/\/panoramadelsur.com.ar\/index.php?rest_route=\/wp\/v2\/types\/post"}],"author":[{"embeddable":true,"href":"https:\/\/panoramadelsur.com.ar\/index.php?rest_route=\/wp\/v2\/users\/1"}],"replies":[{"embeddable":true,"href":"https:\/\/panoramadelsur.com.ar\/index.php?rest_route=%2Fwp%2Fv2%2Fcomments&post=11128"}],"version-history":[{"count":1,"href":"https:\/\/panoramadelsur.com.ar\/index.php?rest_route=\/wp\/v2\/posts\/11128\/revisions"}],"predecessor-version":[{"id":11130,"href":"https:\/\/panoramadelsur.com.ar\/index.php?rest_route=\/wp\/v2\/posts\/11128\/revisions\/11130"}],"wp:featuredmedia":[{"embeddable":true,"href":"https:\/\/panoramadelsur.com.ar\/index.php?rest_route=\/wp\/v2\/media\/39574"}],"wp:attachment":[{"href":"https:\/\/panoramadelsur.com.ar\/index.php?rest_route=%2Fwp%2Fv2%2Fmedia&parent=11128"}],"wp:term":[{"taxonomy":"category","embeddable":true,"href":"https:\/\/panoramadelsur.com.ar\/index.php?rest_route=%2Fwp%2Fv2%2Fcategories&post=11128"},{"taxonomy":"post_tag","embeddable":true,"href":"https:\/\/panoramadelsur.com.ar\/index.php?rest_route=%2Fwp%2Fv2%2Ftags&post=11128"}],"curies":[{"name":"wp","href":"https:\/\/api.w.org\/{rel}","templated":true}]}}