{"id":11134,"date":"2021-10-01T01:09:00","date_gmt":"2021-10-01T04:09:00","guid":{"rendered":"http:\/\/panoramadelsur.com.ar\/?p=11134"},"modified":"2021-10-01T04:44:19","modified_gmt":"2021-10-01T07:44:19","slug":"andres-watson-fortalecio-dispositivos-para-la-reinsercion-laboral","status":"publish","type":"post","link":"https:\/\/panoramadelsur.com.ar\/?p=11134","title":{"rendered":"ANDR\u00c9S WATSON FORTALECI\u00d3 DISPOSITIVOS PARA LA REINSERCI\u00d3N LABORAL"},"content":{"rendered":"\n<p>El intendente de Florencio Varela -Andr\u00e9s Watson- entreg\u00f3 certificados a vecinas y vecinos quienes aprobaron diversas instancias de capacitaci\u00f3n pertenecientes al curso de Gesti\u00f3n Empresarial, financiado por el Programa de Empleo Independiente, destinado a la reincorporaci\u00f3n al mercado laboral con m\u00e1s conocimientos.<\/p>\n\n\n\n<p>En las instalaciones de la Uni\u00f3n Trabajadores de Entidades Deportivas y Civiles, el Alcalde remarc\u00f3 \u201cla presencia del Estado como garante de derechos para el desarrollo de toda comunidad organizada\u201d. \u201cLa raz\u00f3n que moviliza a quienes tenemos responsabilidades de gobierno es otorgar instrumentos mediante pol\u00edticas p\u00fablicas creadas para el pueblo\u201d, ampli\u00f3.<\/p>\n\n\n\n<p>La m\u00e1xima autoridad local anhel\u00f3 que \u201ccada persona pueda desarrollarse de manera individual en lo que se proponga y aportar al crecimiento colectivo\u201d. \u201cCon cada una de las actividades que ustedes realizan, tal vez, en un futuro, necesiten incorporar mano de obra para expandirse, d\u00e1ndole la posibilidad a m\u00e1s varelenses de conseguir trabajo, reactivando as\u00ed el circuito virtuoso de la econom\u00eda\u201d, concluy\u00f3.<\/p>\n\n\n\n<p>Por su parte, el secretario de Industria y Desarrollo Productivo -Ricardo de la Fuente- manifest\u00f3: \u201cEs un gran orgullo brindar este acompa\u00f1amiento surgido de la articulaci\u00f3n entre los tres estamentos -Naci\u00f3n, Provincia y Municipio- para ayudarlos a plasmar sus sue\u00f1os con un incentivo a largo plazo que les permita sostenerlo en el tiempo\u201d.<\/p>\n\n\n\n<p>Luego, la titular en la Agencia Territorial de Empleo Lan\u00fas -Macarena Kunkel- defini\u00f3 a la jornada como \u201cun d\u00eda muy especial por encontrar los elementos que les permitieron avanzar en el cumplimiento de sus objetivos a quienes mantuvieron intacta la ilusi\u00f3n de emprender\u201d.<\/p>\n\n\n\n<p>\u201cEste tipo de propuestas fortalecieron la conexi\u00f3n entre los distintos niveles de gobierno, los sindicatos y el \u00e1mbito acad\u00e9mico con la responsabilidad de motorizar la creaci\u00f3n de empleo genuino e independiente mediante iniciativas adaptadas a las necesidades del territorio\u201d, afirm\u00f3.<\/p>\n\n\n\n<p><em><u>Inclusi\u00f3n social e igualdad de oportunidades<\/u><\/em><\/p>\n\n\n\n<p>Los 35 protagonistas expusieron orgullosos sus elaboraciones tras una ardua tarea colmada de desaf\u00edos en la re-vinculaci\u00f3n al mundo laboral, la adquisici\u00f3n de saberes y la confianza suficiente para enfrentar horizontes desconocidos.<\/p>\n\n\n\n<p>Clarisa \u00c1valos, profesional en la carrera de Administraci\u00f3n de Empresas, decidi\u00f3 reunirse con su mejor amigo y combinar habilidades para fundar una peque\u00f1a sociedad encargada de reparar computadoras. \u201cComplementamos su sabidur\u00eda t\u00e9cnica con mi capacidad para relacionarme\u201d, cont\u00f3 tras enterarse de la iniciativa a trav\u00e9s de su madre. \u201cMe anot\u00e9, aunque no ten\u00eda expectativas de quedar seleccionada\u201d, confes\u00f3.<\/p>\n\n\n\n<p>\u201cNosotros no ten\u00edamos nada. Arrancamos con lo m\u00ednimo. Crecimos muy lento. La ayuda desde el Municipio fue un apoyo extra para seguir adelante porque est\u00e1bamos desempleados. Vivimos una situaci\u00f3n muy mala\u201d, relat\u00f3. No obstante, agreg\u00f3: \u201cCon este capital, podemos incorporar tecnolog\u00eda y brindar nuevos servicios\u201d.<\/p>\n\n\n\n<p>Para concluir, manifest\u00f3: \u201cEstamos muy felices por esta ayuda que no solo es econ\u00f3mica sino tambi\u00e9n para continuar con nuestra formaci\u00f3n, actualizarnos, ampliarnos y perfeccionarnos\u201d.<\/p>\n\n\n\n<p>Laura Valsi, oriunda del barrio Sarmiento, tambi\u00e9n progres\u00f3 en su meta gastron\u00f3mica para la que precis\u00f3 de un acompa\u00f1amiento \u201cfundamental\u201d por parte de la Comuna en la creaci\u00f3n de su micro-emprendimiento de pastas caseras ante la imposibilidad de conseguir empleo debido a su discapacidad motriz.<\/p>\n\n\n\n<p>\u201cHice cursos y decid\u00ed dedicarme a la cocina. La respuesta de la gente super\u00f3 mis expectativas. Los resultados me dieron la oportunidad de vivir un poco mejor. Fue un comienzo sumamente alentador\u201d, explic\u00f3.<\/p>\n","protected":false},"excerpt":{"rendered":"<p>El intendente<\/p>\n","protected":false},"author":1,"featured_media":39574,"comment_status":"open","ping_status":"open","sticky":false,"template":"","format":"standard","meta":{"footnotes":""},"categories":[3],"tags":[],"class_list":["post-11134","post","type-post","status-publish","format-standard","has-post-thumbnail","hentry","category-regionales"],"_links":{"self":[{"href":"https:\/\/panoramadelsur.com.ar\/index.php?rest_route=\/wp\/v2\/posts\/11134","targetHints":{"allow":["GET"]}}],"collection":[{"href":"https:\/\/panoramadelsur.com.ar\/index.php?rest_route=\/wp\/v2\/posts"}],"about":[{"href":"https:\/\/panoramadelsur.com.ar\/index.php?rest_route=\/wp\/v2\/types\/post"}],"author":[{"embeddable":true,"href":"https:\/\/panoramadelsur.com.ar\/index.php?rest_route=\/wp\/v2\/users\/1"}],"replies":[{"embeddable":true,"href":"https:\/\/panoramadelsur.com.ar\/index.php?rest_route=%2Fwp%2Fv2%2Fcomments&post=11134"}],"version-history":[{"count":1,"href":"https:\/\/panoramadelsur.com.ar\/index.php?rest_route=\/wp\/v2\/posts\/11134\/revisions"}],"predecessor-version":[{"id":11136,"href":"https:\/\/panoramadelsur.com.ar\/index.php?rest_route=\/wp\/v2\/posts\/11134\/revisions\/11136"}],"wp:featuredmedia":[{"embeddable":true,"href":"https:\/\/panoramadelsur.com.ar\/index.php?rest_route=\/wp\/v2\/media\/39574"}],"wp:attachment":[{"href":"https:\/\/panoramadelsur.com.ar\/index.php?rest_route=%2Fwp%2Fv2%2Fmedia&parent=11134"}],"wp:term":[{"taxonomy":"category","embeddable":true,"href":"https:\/\/panoramadelsur.com.ar\/index.php?rest_route=%2Fwp%2Fv2%2Fcategories&post=11134"},{"taxonomy":"post_tag","embeddable":true,"href":"https:\/\/panoramadelsur.com.ar\/index.php?rest_route=%2Fwp%2Fv2%2Ftags&post=11134"}],"curies":[{"name":"wp","href":"https:\/\/api.w.org\/{rel}","templated":true}]}}