{"id":11139,"date":"2021-10-01T01:07:00","date_gmt":"2021-10-01T04:07:00","guid":{"rendered":"http:\/\/panoramadelsur.com.ar\/?p=11139"},"modified":"2021-10-01T14:19:32","modified_gmt":"2021-10-01T17:19:32","slug":"mayra-mendoza-y-axel-kicillof-anunciaron-el-regreso-a-la-actividad-nocturna-en-quilmes-y-provincia","status":"publish","type":"post","link":"https:\/\/panoramadelsur.com.ar\/?p=11139","title":{"rendered":"MAYRA MENDOZA Y AXEL KICILLOF ANUNCIARON EL REGRESO A LA ACTIVIDAD NOCTURNA EN QUILMES Y PROVINCIA"},"content":{"rendered":"\n<p>La intendenta de Quilmes, Mayra Mendoza y el gobernador de la provincia de Buenos Aires, Axel Kicillof, anunciaron que desde este viernes 1 de octubre pueden volver a funcionar los boliches y los salones bailables, entre otras actividades, en el distrito de Quilmes, lo que permitir\u00e1 seguir con la reactivaci\u00f3n econ\u00f3mica, adem\u00e1s del retorno al entretenimiento y la nocturnidad para las y los j\u00f3venes quilme\u00f1os.<\/p>\n\n\n\n<p>\u201cEsto es muy importante porque tiene que ver con la posibilidad de reactivaci\u00f3n a partir de una campa\u00f1a exitosa de la vacunaci\u00f3n. En Quilmes tenemos casi 420 mil habitantes que tienen, al menos, una dosis. Esto nos da la posibilidad de decir bueno, comenzamos a habilitar actividades que dolorosamente tuvimos que restringir o cerrar para poder cuidarnos. La actividad econ\u00f3mica y comercial de Quilmes y del resto tambi\u00e9n, genera miles de puestos de trabajos directos e indirectos. Y adem\u00e1s tambi\u00e9n genera tranquilidad el cuidado para nuestros j\u00f3venes. En el momento de salir a divertirse, que puedan estar en lugares que sabemos que est\u00e1n regulados, que inspeccionamos para que tengan todo lo que se necesita en condiciones. Es un d\u00eda muy importante y as\u00ed lo celebraban los representantes de este sector\u201d sostuvo Mayra, acompa\u00f1ada por funcionarios del gabinete municipal.<\/p>\n\n\n\n<p>Por su parte, Kicillof, quien asisti\u00f3 junto al ministro de Producci\u00f3n, Ciencia e Innovaci\u00f3n Tecnol\u00f3gica bonaerense, Augusto Costa, se\u00f1al\u00f3: \u00abEste ha sido un momento muy esperado porque sabemos que, si bien la pandemia golpe\u00f3 a todos los sectores, afect\u00f3 mucho m\u00e1s a aquellos vinculados con el entretenimiento. Estamos a disposici\u00f3n para dialogar, escucharlos y ayudar con aquello que permita que la reactivaci\u00f3n de la actividad sea lo m\u00e1s r\u00e1pida posible. La Provincia tiene una larga tradici\u00f3n y cultura en este sector, por eso desde el Gobierno queremos acompa\u00f1arlos durante la salida de la pandemia\u00bb.<\/p>\n\n\n\n<p>En referencia al avance de la campa\u00f1a de vacunaci\u00f3n, el Gobernador subray\u00f3 que \u201ces lo que nos ha llevado a esta situaci\u00f3n epidemiol\u00f3gica y nos permite retomar nuevas actividades. Con los altos niveles de inmunizaci\u00f3n que contamos, estamos en condiciones de seguir trabajando para que la reactivaci\u00f3n sea equitativa y genere igualdad de oportunidades para todos\u201d.<\/p>\n\n\n\n<p>Durante el encuentro, Kicillof estableci\u00f3 una Mesa de Trabajo conjunta con el sector de la nocturnidad, con el objetivo de llevar adelante acciones que beneficien al rubro y que cumplan con los protocolos y medidas correspondientes por la pandemia.<\/p>\n\n\n\n<p>El anuncio del retorno de los boliches se hizo en la hist\u00f3rica discoteca El Bosque luego de una reuni\u00f3n en la que participaron representantes de la Federaci\u00f3n de Entidades de Discotecas de la Rep\u00fablica Argentina (FEDRA), de la Asociaci\u00f3n Empresaria del Noreste de la Provincia de Buenos Aires (ASEN), de la Industria del Entretenimiento Argentino (IDEAr), de la C\u00e1mara Empresaria de Discotecas y Bares de la Provincia de Buenos Aires (CEDIBBA) y del Sindicato \u00danico de Trabajadores de Control de Admisi\u00f3n y Permanencia de la Rep\u00fablica Argentina (SUTCAPRA).<\/p>\n\n\n\n<p>Estas nuevas aperturas son el resultado de la exitosa pol\u00edtica sanitaria contra el COVID-19 llevada adelante en general en la Naci\u00f3n y la Provincia, y en particular en Quilmes, donde al d\u00eda de hoy hay m\u00e1s de 418 mil vacunados con la primera dosis y casi 305 mil con la segunda, sumando un total de 723.019 dosis aplicadas.<\/p>\n\n\n\n<p>De esta manera, se hizo posible en retorno de importantes actividades comerciales e industriales, que respetando determinadas medidas de prevenci\u00f3n y aforos, volver\u00e1n a poner en marcha el c\u00edrculo virtuoso de la econom\u00eda de Quilmes.<\/p>\n\n\n\n<p>Estas reaperturas implican un nuevo movimiento econ\u00f3mico en Quilmes, ya que adem\u00e1s del impacto directo en las actividades citadas, est\u00e1 el indirecto, como por ejemplo, el personal de trabajo como los mozos, DJs, cocineros, artistas, m\u00fasicos, seguridad, limpieza, peluquer\u00eda y belleza, entre otros. Adem\u00e1s del crecimiento en su actividad que marcar\u00e1n la gastronom\u00eda, comercios de vestimenta, calzado, bazar y el transporte p\u00fablico y privado, entre otros.<\/p>\n","protected":false},"excerpt":{"rendered":"<p>La intendenta<\/p>\n","protected":false},"author":1,"featured_media":39574,"comment_status":"open","ping_status":"open","sticky":false,"template":"","format":"standard","meta":{"footnotes":""},"categories":[2],"tags":[],"class_list":["post-11139","post","type-post","status-publish","format-standard","has-post-thumbnail","hentry","category-quilmes"],"_links":{"self":[{"href":"https:\/\/panoramadelsur.com.ar\/index.php?rest_route=\/wp\/v2\/posts\/11139","targetHints":{"allow":["GET"]}}],"collection":[{"href":"https:\/\/panoramadelsur.com.ar\/index.php?rest_route=\/wp\/v2\/posts"}],"about":[{"href":"https:\/\/panoramadelsur.com.ar\/index.php?rest_route=\/wp\/v2\/types\/post"}],"author":[{"embeddable":true,"href":"https:\/\/panoramadelsur.com.ar\/index.php?rest_route=\/wp\/v2\/users\/1"}],"replies":[{"embeddable":true,"href":"https:\/\/panoramadelsur.com.ar\/index.php?rest_route=%2Fwp%2Fv2%2Fcomments&post=11139"}],"version-history":[{"count":1,"href":"https:\/\/panoramadelsur.com.ar\/index.php?rest_route=\/wp\/v2\/posts\/11139\/revisions"}],"predecessor-version":[{"id":11141,"href":"https:\/\/panoramadelsur.com.ar\/index.php?rest_route=\/wp\/v2\/posts\/11139\/revisions\/11141"}],"wp:featuredmedia":[{"embeddable":true,"href":"https:\/\/panoramadelsur.com.ar\/index.php?rest_route=\/wp\/v2\/media\/39574"}],"wp:attachment":[{"href":"https:\/\/panoramadelsur.com.ar\/index.php?rest_route=%2Fwp%2Fv2%2Fmedia&parent=11139"}],"wp:term":[{"taxonomy":"category","embeddable":true,"href":"https:\/\/panoramadelsur.com.ar\/index.php?rest_route=%2Fwp%2Fv2%2Fcategories&post=11139"},{"taxonomy":"post_tag","embeddable":true,"href":"https:\/\/panoramadelsur.com.ar\/index.php?rest_route=%2Fwp%2Fv2%2Ftags&post=11139"}],"curies":[{"name":"wp","href":"https:\/\/api.w.org\/{rel}","templated":true}]}}