{"id":11142,"date":"2021-10-01T01:07:00","date_gmt":"2021-10-01T04:07:00","guid":{"rendered":"http:\/\/panoramadelsur.com.ar\/?p=11142"},"modified":"2021-10-01T05:04:24","modified_gmt":"2021-10-01T08:04:24","slug":"varela-municipio-y-comunidad-trabajaron-en-conjunto-para-la-readecuacion-de-espacios-publicos","status":"publish","type":"post","link":"https:\/\/panoramadelsur.com.ar\/?p=11142","title":{"rendered":"VARELA: MUNICIPIO Y COMUNIDAD TRABAJARON EN CONJUNTO PARA LA READECUACI\u00d3N DE ESPACIOS P\u00daBLICOS"},"content":{"rendered":"\n<p>Efectuaron una jornada para la recuperaci\u00f3n del espacio p\u00fablico en Zeballos con una misi\u00f3n: transformar sitios donde anteriormente exist\u00edan micro-basurales en \u00e1mbitos saludables donde realizar actividades recreativas o deportivas.<\/p>\n\n\n\n<p>En representaci\u00f3n del titular del Ejecutivo local, la secretaria de Ambiente y Desarrollo Sustentable -Beatriz Domingorena- puntualiz\u00f3 que \u201cpor indicaciones del Intendente, el reacondicionamiento del lugar surgi\u00f3 a partir de un acuerdo con los vecinos, vecinas e integrantes de las entidades cercanas mediante el programa Mi Barrio Limpio\u201d.<\/p>\n\n\n\n<p>La candidata a concejala por el Frente de Todos en el distrito se\u00f1al\u00f3 que instalaron un contenedor de residuos para poner en pr\u00e1ctica \u201cla separaci\u00f3n en origen de los desechos en condiciones de ser reutilizados\u201d. \u201cA trav\u00e9s de Varela Recicla, la propuesta fue preservar el ecosistema al evitar la presencia de basura\u201d, a\u00f1adi\u00f3.<\/p>\n\n\n\n<p>En el empalme de Diagonal Granaderos de San Mart\u00edn con Boccuzzi, la transformaci\u00f3n implic\u00f3 la colocaci\u00f3n de juegos saludables y de esparcimiento, el establecimiento de \u00e1reas de descanso, la creaci\u00f3n de un circuito destinado a los ciclistas m\u00e1s el sembrado de ejemplares arb\u00f3reos.<\/p>\n\n\n\n<p>El presidente en la Sociedad de Fomento Zeballos, Roberto Marcelo U\u00f1o, defini\u00f3 como \u201cun logro muy importante el trabajo en equipo con los frentistas, quienes acercaron el proyecto a las instituciones\u201d al tiempo que valor\u00f3 los \u201cresultados obtenidos luego de la intervenci\u00f3n del Municipio en la renovaci\u00f3n del predio\u201d.<\/p>\n\n\n\n<p>\u201cUn sue\u00f1o hecho realidad: tener una plaza amplia y limpia para disfrutar\u201d, asegur\u00f3 el integrante de la Unidad de Gesti\u00f3n Local tras revelar que \u201cun intento de ocupar el lugar por gente que no era de la zona encendi\u00f3 las alarmas e iniciamos nuestra labor\u201d.<\/p>\n\n\n\n<p>Uno de los impulsores para una iniciativa que naci\u00f3 bajo la premisa de mantener el espacio en buenas condiciones, Cristian Romairone, record\u00f3: \u201cSol\u00edamos juntarnos para cortar el pasto o sacar la suciedad. Afortunadamente, lleg\u00f3 la ayuda desde la Municipalidad. De otro modo, esto no ser\u00eda posible\u201d.<\/p>\n\n\n\n<p>\u201cLa transformaci\u00f3n fue total: instalaron juegos para los m\u00e1s chicos, un sector donde entrenar y una cancha de v\u00f3ley. Adem\u00e1s, confirmaron la reparaci\u00f3n de la iluminaci\u00f3n que genera m\u00e1s seguridad. Sin dudas, un punto de reuni\u00f3n para todos\u201d, detall\u00f3.<\/p>\n\n\n\n<p>\u201cEsto era un basural con pastizales muy altos. Tierra de nadie. Ahora qued\u00f3 hermoso\u201d, afirm\u00f3 Mauro Pereyra qui\u00e9n lleg\u00f3 a Florencio Varela en 1954 y obsequi\u00f3 un \u00e1rbol para plantar que conservaba en su hogar.&nbsp; \u201cVendr\u00e9 a pasear con mis nietos\u201d, afirm\u00f3.<\/p>\n\n\n\n<p>Estuvieron tambi\u00e9n presentes la representante de la Asociaci\u00f3n Civil, Cultural y Deportiva Granaderos -Valeria Larraburu-, referentes de Barrios de Pie e integrantes del Voluntariado Ambiental.<\/p>\n","protected":false},"excerpt":{"rendered":"<p>Efectuaron una<\/p>\n","protected":false},"author":1,"featured_media":39574,"comment_status":"open","ping_status":"open","sticky":false,"template":"","format":"standard","meta":{"footnotes":""},"categories":[3],"tags":[],"class_list":["post-11142","post","type-post","status-publish","format-standard","has-post-thumbnail","hentry","category-regionales"],"_links":{"self":[{"href":"https:\/\/panoramadelsur.com.ar\/index.php?rest_route=\/wp\/v2\/posts\/11142","targetHints":{"allow":["GET"]}}],"collection":[{"href":"https:\/\/panoramadelsur.com.ar\/index.php?rest_route=\/wp\/v2\/posts"}],"about":[{"href":"https:\/\/panoramadelsur.com.ar\/index.php?rest_route=\/wp\/v2\/types\/post"}],"author":[{"embeddable":true,"href":"https:\/\/panoramadelsur.com.ar\/index.php?rest_route=\/wp\/v2\/users\/1"}],"replies":[{"embeddable":true,"href":"https:\/\/panoramadelsur.com.ar\/index.php?rest_route=%2Fwp%2Fv2%2Fcomments&post=11142"}],"version-history":[{"count":1,"href":"https:\/\/panoramadelsur.com.ar\/index.php?rest_route=\/wp\/v2\/posts\/11142\/revisions"}],"predecessor-version":[{"id":11144,"href":"https:\/\/panoramadelsur.com.ar\/index.php?rest_route=\/wp\/v2\/posts\/11142\/revisions\/11144"}],"wp:featuredmedia":[{"embeddable":true,"href":"https:\/\/panoramadelsur.com.ar\/index.php?rest_route=\/wp\/v2\/media\/39574"}],"wp:attachment":[{"href":"https:\/\/panoramadelsur.com.ar\/index.php?rest_route=%2Fwp%2Fv2%2Fmedia&parent=11142"}],"wp:term":[{"taxonomy":"category","embeddable":true,"href":"https:\/\/panoramadelsur.com.ar\/index.php?rest_route=%2Fwp%2Fv2%2Fcategories&post=11142"},{"taxonomy":"post_tag","embeddable":true,"href":"https:\/\/panoramadelsur.com.ar\/index.php?rest_route=%2Fwp%2Fv2%2Ftags&post=11142"}],"curies":[{"name":"wp","href":"https:\/\/api.w.org\/{rel}","templated":true}]}}