{"id":11145,"date":"2021-10-01T12:22:21","date_gmt":"2021-10-01T15:22:21","guid":{"rendered":"http:\/\/panoramadelsur.com.ar\/?p=11145"},"modified":"2021-10-01T12:22:29","modified_gmt":"2021-10-01T15:22:29","slug":"gvirtz-celebro-el-relanzamiento-de-conectar-igualdad-que-le-da-una-computadora-a-cada-estudiante","status":"publish","type":"post","link":"https:\/\/panoramadelsur.com.ar\/?p=11145","title":{"rendered":"GVIRTZ CELEBR\u00d3 EL RELANZAMIENTO DE CONECTAR IGUALDAD QUE LE DA \u00abUNA COMPUTADORA A CADA ESTUDIANTE\u00bb"},"content":{"rendered":"\n<p>La secretaria de Educaci\u00f3n de la Naci\u00f3n, Silvina Gvirtz, celebr\u00f3 hoy el relanzamiento del programa Conectar Igualdad \u00abque se hab\u00eda interrumpido post 2015\u00bb y explic\u00f3 que la iniciativa \u00able otorga como derecho una computadora a cada estudiante de secundaria\u00bb.<\/p>\n\n\n\n<p>\u00abEstamos haciendo un relanzamiento de Conectar Igualdad de la mano del ministro (de Educaci\u00f3n) Jaime Perczyk, que obviamente nos dio la directiva de ejecutar programas que colaboren a la mejora de los aprendizajes en este momento donde estamos finalizando la pandemia y retomando la presencialidad plena\u00bb, asegur\u00f3 la funcionaria, que ayer particip\u00f3 en un acto de entrega de netbooks en los partidos bonaerenses de La Matanza y Mor\u00f3n,<\/p>\n\n\n\n<p>En declaraciones a Radio Nacional, Gvirtz explic\u00f3 que el programa \u00able otorga como derecho una computadora a cada estudiante de secundaria, empezamos por primer a\u00f1o, para que puedan estudiar mejor con una herramienta clave en el siglo XXI como es una computadora\u00bb.<\/p>\n\n\n\n<p>Asimismo, la pedagoga e investigadora del Conicet que integra el Ministerio de Educaci\u00f3n afirm\u00f3 que \u00abestamos orgullosos de este relanzamiento de Conectar Igualdad, que hubiera implicado otras oportunidades para los sectores m\u00e1s vulnerables de haber tenido la computadora en pandemia\u00bb.<\/p>\n\n\n\n<p>\u00abPor eso lamentamos tanto c\u00f3mo se discontinu\u00f3 Conectar Igualdad\u00bb, a\u00f1adi\u00f3 y afirm\u00f3 que las computadoras son \u00abun incentivo\u00bb para que los estudiantes que \u00abtuvieron una baja vinculaci\u00f3n con la escuela durante la pandemia quieran volver porque van a tener tecnolog\u00eda, van a tener libros, van a tener m\u00e1s horas de clase y de escuela\u00bb.<\/p>\n\n\n\n<p>Por otro lado, se refiri\u00f3 a las medidas que se tomar\u00e1n para garantizar la reinserci\u00f3n de los chicos en el sistema educativo y se\u00f1al\u00f3 que Perczyk \u00abdefini\u00f3 un nuevo programa que se llama Volver a la Escuela, en donde vamos a salir a revincular a los chicos que durante la pandemia tuvieron una baja vinculaci\u00f3n con la escuela o se desvincularon\u00bb.<\/p>\n\n\n\n<p>Al respecto, precis\u00f3 que \u00abla idea es ir casa por casa y trabajar muy fuertemente para ver c\u00f3mo se los revincula, para que se sientan c\u00f3modos en esa vuelta y para que aprendan\u00bb.<\/p>\n\n\n\n<p>\u00abHay que ir a buscarlos casa por casa, chico por chico hasta que no quede ning\u00fan chico que no est\u00e9 en la escuela. Esto es una prioridad\u00bb, concluy\u00f3.<a href=\"javascript:void(0)\"><\/a><\/p>\n","protected":false},"excerpt":{"rendered":"<p>La secretaria<\/p>\n","protected":false},"author":1,"featured_media":39574,"comment_status":"open","ping_status":"open","sticky":false,"template":"","format":"standard","meta":{"footnotes":""},"categories":[4],"tags":[],"class_list":["post-11145","post","type-post","status-publish","format-standard","has-post-thumbnail","hentry","category-nacionales"],"_links":{"self":[{"href":"https:\/\/panoramadelsur.com.ar\/index.php?rest_route=\/wp\/v2\/posts\/11145","targetHints":{"allow":["GET"]}}],"collection":[{"href":"https:\/\/panoramadelsur.com.ar\/index.php?rest_route=\/wp\/v2\/posts"}],"about":[{"href":"https:\/\/panoramadelsur.com.ar\/index.php?rest_route=\/wp\/v2\/types\/post"}],"author":[{"embeddable":true,"href":"https:\/\/panoramadelsur.com.ar\/index.php?rest_route=\/wp\/v2\/users\/1"}],"replies":[{"embeddable":true,"href":"https:\/\/panoramadelsur.com.ar\/index.php?rest_route=%2Fwp%2Fv2%2Fcomments&post=11145"}],"version-history":[{"count":1,"href":"https:\/\/panoramadelsur.com.ar\/index.php?rest_route=\/wp\/v2\/posts\/11145\/revisions"}],"predecessor-version":[{"id":11147,"href":"https:\/\/panoramadelsur.com.ar\/index.php?rest_route=\/wp\/v2\/posts\/11145\/revisions\/11147"}],"wp:featuredmedia":[{"embeddable":true,"href":"https:\/\/panoramadelsur.com.ar\/index.php?rest_route=\/wp\/v2\/media\/39574"}],"wp:attachment":[{"href":"https:\/\/panoramadelsur.com.ar\/index.php?rest_route=%2Fwp%2Fv2%2Fmedia&parent=11145"}],"wp:term":[{"taxonomy":"category","embeddable":true,"href":"https:\/\/panoramadelsur.com.ar\/index.php?rest_route=%2Fwp%2Fv2%2Fcategories&post=11145"},{"taxonomy":"post_tag","embeddable":true,"href":"https:\/\/panoramadelsur.com.ar\/index.php?rest_route=%2Fwp%2Fv2%2Ftags&post=11145"}],"curies":[{"name":"wp","href":"https:\/\/api.w.org\/{rel}","templated":true}]}}