{"id":11148,"date":"2021-10-01T12:27:49","date_gmt":"2021-10-01T15:27:49","guid":{"rendered":"http:\/\/panoramadelsur.com.ar\/?p=11148"},"modified":"2021-10-01T14:18:54","modified_gmt":"2021-10-01T17:18:54","slug":"jubilacion-anticipada-adelantar-un-derecho-reconociendo-toda-una-vida-de-trabajo","status":"publish","type":"post","link":"https:\/\/panoramadelsur.com.ar\/?p=11148","title":{"rendered":"JUBILACI\u00d3N ANTICIPADA: ADELANTAR UN DERECHO RECONOCIENDO TODA UNA VIDA DE TRABAJO"},"content":{"rendered":"\n<p><strong><em>Por Santiago Fraschina, secretario general de la ANSES.<\/em><\/strong><\/p>\n\n\n\n<p>A partir del viernes 1 de octubre est\u00e1n disponibles en la web de ANSES los turnos para acceder a la jubilaci\u00f3n anticipada anunciada el 29 de septiembre por la Directora Ejecutiva de ANSES, Fernanda Raverta, junto al jefe de Gabinete de Ministros, Juan Manzur.<\/p>\n\n\n\n<p>Gracias a esta pol\u00edtica miles de hombres y de mujeres que trabajaron durante toda su vida activa y ya lograron cumplir el requisito de haber aportado durante 30 a\u00f1os, pero no alcanzan la edad jubilatoria, podr\u00e1n acceder a la Jubilaci\u00f3n Anticipada. Se trata de personas que han realizado todos los aportes correspondientes, pero que no llegan con el requisito de edad para jubilarse y actualmente se encuentran sin ingresos.<\/p>\n\n\n\n<p>A la jubilaci\u00f3n anticipada podr\u00e1n acceder varones, de entre 60 y 64 a\u00f1os de edad, y mujeres, de entre 55 y 59 a\u00f1os, que hayan estado desocupados\/as al 30 de junio de 2021. A estas personas se le garantizar\u00e1 la inclusi\u00f3n inmediata al sistema previsional, tendr\u00e1n cobertura en salud y contar\u00e1n con la certeza de percibir un ingreso mensualmente.<\/p>\n\n\n\n<p>Dicho ingreso ser\u00e1 equivalente al 80% del haber que les corresponder\u00eda al momento de cumplir con la edad jubilatoria. Una vez alcanzada dicha edad, pasar\u00e1n a cobrar el 100% del haber.<\/p>\n\n\n\n<p>Con esta medida, ANSES estima que entre 20.000 y 30.000 ciudadanos y ciudadanas podr\u00e1n acceder a su jubilaci\u00f3n en 2021, con un haber promedio de $50.000.<\/p>\n\n\n\n<p>Seg\u00fan las estimaciones que realizamos desde el organismo, m\u00e1s del 85% de las personas beneficiarias de esta pol\u00edtica son varones que, en su mayor\u00eda, se desempe\u00f1aban como trabajadores industriales, sector que sufri\u00f3 una gran ca\u00edda en el empleo durante el per\u00edodo 2016-2019.<\/p>\n\n\n\n<p>En esos a\u00f1os, seg\u00fan los datos de empleo registrado privado publicados por el Ministerio de Trabajo, Empleo y Seguridad Social, el sector m\u00e1s castigado por las pol\u00edticas aplicadas fue la industria manufacturera, que perdi\u00f3 168.000 puestos de trabajo, cayendo un 13,4% en el per\u00edodo.<\/p>\n\n\n\n<p>En total, el 53% de las personas potenciales beneficiarias de la pol\u00edtica perdieron sus ingresos principales en el per\u00edodo 2016-2019.<\/p>\n\n\n\n<p>Con esta medida se reconoce el esfuerzo y el trabajo realizado durante muchos a\u00f1os. No se trata de un regalo, sino que se busca adelantar un derecho, desplegando mecanismos de solidaridad social que protegen y permiten sostener los proyectos de vida de muchas personas afectadas por la p\u00e9rdida de su empleo, en gran parte, durante la gesti\u00f3n de Cambiemos y, otra parte menor, durante la pandemia.<\/p>\n\n\n\n<p>El hecho de que se trate de personas cercanas a cumplir la edad jubilatoria, conlleva entender que son quienes enfrentan mayores obst\u00e1culos para reinsertarse en el mercado laboral, pese a tener alto grado de calificaci\u00f3n y\/o experiencia laboral previa.<\/p>\n\n\n\n<p>Las mayores dificultades que estas personas encuentran suelen estar relacionadas a prejuicios asociados a la edad, que se agravan a\u00fan m\u00e1s en el contexto de pandemia. En total, 59% de las mujeres desempleadas entre los 50 y 59 a\u00f1os tienen una duraci\u00f3n en el desempleo mayor a un a\u00f1o, mientras que en los hombres el 23% de los mayores de 55 a\u00f1os tienen duraci\u00f3n en el desempleo mayor a un a\u00f1o. Estas franjas etarias son las de mayor duraci\u00f3n en el desempleo, es decir, tienen menos probabilidades de reinsertarse al mercado laboral.<\/p>\n\n\n\n<p>A trav\u00e9s de esta pol\u00edtica, la Seguridad Social se consolida como una poderosa herramienta para garantizar el bienestar y construir un pa\u00eds con mayor justicia social.<\/p>\n\n\n\n<p>Esta medida surge como respuesta ante el desamparo que generaron las pol\u00edticas neoliberales que destruyeron m\u00e1s de 226.000 puestos de trabajo del sector privado, situaci\u00f3n que se vio agravada ante la irrupci\u00f3n de la pandemia.<\/p>\n\n\n\n<p>Desde el Gobierno nacional estamos construyendo un Estado que toma pol\u00edticas activas para reforzar la solidaridad y protege a las personas en los momentos en que m\u00e1s lo necesitan. De esta forma, reconocemos el valor de toda una vida de trabajo, garantizando un derecho que les corresponde.<\/p>\n","protected":false},"excerpt":{"rendered":"<p>Por Santiago<\/p>\n","protected":false},"author":1,"featured_media":39574,"comment_status":"open","ping_status":"open","sticky":false,"template":"","format":"standard","meta":{"footnotes":""},"categories":[7],"tags":[],"class_list":["post-11148","post","type-post","status-publish","format-standard","has-post-thumbnail","hentry","category-opinion"],"_links":{"self":[{"href":"https:\/\/panoramadelsur.com.ar\/index.php?rest_route=\/wp\/v2\/posts\/11148","targetHints":{"allow":["GET"]}}],"collection":[{"href":"https:\/\/panoramadelsur.com.ar\/index.php?rest_route=\/wp\/v2\/posts"}],"about":[{"href":"https:\/\/panoramadelsur.com.ar\/index.php?rest_route=\/wp\/v2\/types\/post"}],"author":[{"embeddable":true,"href":"https:\/\/panoramadelsur.com.ar\/index.php?rest_route=\/wp\/v2\/users\/1"}],"replies":[{"embeddable":true,"href":"https:\/\/panoramadelsur.com.ar\/index.php?rest_route=%2Fwp%2Fv2%2Fcomments&post=11148"}],"version-history":[{"count":1,"href":"https:\/\/panoramadelsur.com.ar\/index.php?rest_route=\/wp\/v2\/posts\/11148\/revisions"}],"predecessor-version":[{"id":11150,"href":"https:\/\/panoramadelsur.com.ar\/index.php?rest_route=\/wp\/v2\/posts\/11148\/revisions\/11150"}],"wp:featuredmedia":[{"embeddable":true,"href":"https:\/\/panoramadelsur.com.ar\/index.php?rest_route=\/wp\/v2\/media\/39574"}],"wp:attachment":[{"href":"https:\/\/panoramadelsur.com.ar\/index.php?rest_route=%2Fwp%2Fv2%2Fmedia&parent=11148"}],"wp:term":[{"taxonomy":"category","embeddable":true,"href":"https:\/\/panoramadelsur.com.ar\/index.php?rest_route=%2Fwp%2Fv2%2Fcategories&post=11148"},{"taxonomy":"post_tag","embeddable":true,"href":"https:\/\/panoramadelsur.com.ar\/index.php?rest_route=%2Fwp%2Fv2%2Ftags&post=11148"}],"curies":[{"name":"wp","href":"https:\/\/api.w.org\/{rel}","templated":true}]}}