{"id":1115,"date":"2021-03-01T01:00:00","date_gmt":"2021-03-01T01:00:00","guid":{"rendered":"http:\/\/panoramadelsur.com.ar\/?p=1115"},"modified":"2021-03-01T01:50:06","modified_gmt":"2021-03-01T01:50:06","slug":"gremios-docentes-aceptaron-propuesta-salarial-del-gobierno-de-kicillof-y-este-lunes-comienzan-las-clases","status":"publish","type":"post","link":"https:\/\/panoramadelsur.com.ar\/?p=1115","title":{"rendered":"Gremios docentes aceptaron propuesta salarial del Gobierno de Kicillof y este lunes comienzan las clases"},"content":{"rendered":"\n<p>Los gremios docentes bonaerenses aceptaron la propuesta salarial formulada el viernes por el Gobierno de la provincia de Buenos Aires, por lo que este lunes comenzar\u00e1n las clases m\u00e1s de 4 millones de alumnos, inform\u00f3 la ministra de Trabajo, Mara Ruiz Malec.<\/p>\n\n\n\n<p>\u00abLa propuesta salarial docente de la Provincia fue aprobada. De este modo, comenzamos un nuevo ciclo lectivo con los chicos en las aulas, garantizando el derecho social a la educaci\u00f3n y los derechos laborales delos trabajadores de nuestro sistema educativo\u00bb, public\u00f3 la funcionaria en redes sociales.<\/p>\n\n\n\n<p>Ruiz Malec agradeci\u00f3 a los gremios docentes, a la cartera de Hacienda que conduce Pablo L\u00f3pez y a la de Educaci\u00f3n, a cargo de Agustina Vila, por el \u00abtrabajo y el di\u00e1logo honesto que a\u00fan. en las diferencias, permiti\u00f3 alcanzar acuerdos\u00bb.<\/p>\n\n\n\n<p>La propuesta salarial, que fue aceptada por los dos gremios mayoritarios del Frente de Unidad Docente Bonaerense (Suteba y FEB), consiste en un 32% de aumento al mes de septiembre, a lo que se agrega el incremento del Fondo de Incentivo Docente (Fonid) y la suma por conectividad acordada en la paritaria nacional.<\/p>\n\n\n\n<p>De esta forma el salario de maestro de grado inicial quedar\u00e1 establecido en 48.508 pesos a partir de septiembre, mientras que un profesor con 20 m\u00f3dulos recibir\u00eda 69.822 pesos y un preceptor 41.987 pesos.<\/p>\n\n\n\n<p>El encuentro paritario, que se desarroll\u00f3 el viernes en la sede de la cartera de Trabajo, en La Plata, cont\u00f3 con la presencia del gobernador Axel Kicillof y sus ministros, as\u00ed como con los secretarios generales de FEB, Suteba, UDA, Udocba, AMET, Sadop y referentes de ATE y UPCN.<\/p>\n\n\n\n<p>Suteba manifest\u00f3 en un comunicado que, tras realizar el plenario de secretarios generales con representantes de las seccionales, se aprobaron por \u00abampl\u00edsima mayor\u00eda las propuestas salariales planteadas en el \u00e1mbito de las paritarias nacional y provincial\u00bb.<\/p>\n\n\n\n<p>En tanto, un total de 230 congresales de la FEB aprobaron la oferta oficial y, en un comunicado, la titular del sindicato, Mirta Petrocini, destac\u00f3 que \u00abesta paritaria no est\u00e1 cerrada, tiene una continuidad\u00bb.<\/p>\n\n\n\n<p>\u00abNos queda un \u00faltimo trimestre para retomar la negociaci\u00f3n una vez que se conozcan los indicadores econ\u00f3micos para los \u00faltimos tres meses de este a\u00f1o\u00bb, indic\u00f3 la dirigente.<\/p>\n\n\n\n<p>De este modo, unos 4.150.000 alumnos comenzar\u00e1n el ciclo lectivo este lunes en toda la provincia de Buenos Aires.<\/p>\n","protected":false},"excerpt":{"rendered":"<p>Los gremios<\/p>\n","protected":false},"author":1,"featured_media":39574,"comment_status":"open","ping_status":"open","sticky":false,"template":"","format":"standard","meta":{"footnotes":""},"categories":[1,5],"tags":[],"class_list":["post-1115","post","type-post","status-publish","format-standard","has-post-thumbnail","hentry","category-destacados","category-provincia"],"_links":{"self":[{"href":"https:\/\/panoramadelsur.com.ar\/index.php?rest_route=\/wp\/v2\/posts\/1115","targetHints":{"allow":["GET"]}}],"collection":[{"href":"https:\/\/panoramadelsur.com.ar\/index.php?rest_route=\/wp\/v2\/posts"}],"about":[{"href":"https:\/\/panoramadelsur.com.ar\/index.php?rest_route=\/wp\/v2\/types\/post"}],"author":[{"embeddable":true,"href":"https:\/\/panoramadelsur.com.ar\/index.php?rest_route=\/wp\/v2\/users\/1"}],"replies":[{"embeddable":true,"href":"https:\/\/panoramadelsur.com.ar\/index.php?rest_route=%2Fwp%2Fv2%2Fcomments&post=1115"}],"version-history":[{"count":1,"href":"https:\/\/panoramadelsur.com.ar\/index.php?rest_route=\/wp\/v2\/posts\/1115\/revisions"}],"predecessor-version":[{"id":1117,"href":"https:\/\/panoramadelsur.com.ar\/index.php?rest_route=\/wp\/v2\/posts\/1115\/revisions\/1117"}],"wp:featuredmedia":[{"embeddable":true,"href":"https:\/\/panoramadelsur.com.ar\/index.php?rest_route=\/wp\/v2\/media\/39574"}],"wp:attachment":[{"href":"https:\/\/panoramadelsur.com.ar\/index.php?rest_route=%2Fwp%2Fv2%2Fmedia&parent=1115"}],"wp:term":[{"taxonomy":"category","embeddable":true,"href":"https:\/\/panoramadelsur.com.ar\/index.php?rest_route=%2Fwp%2Fv2%2Fcategories&post=1115"},{"taxonomy":"post_tag","embeddable":true,"href":"https:\/\/panoramadelsur.com.ar\/index.php?rest_route=%2Fwp%2Fv2%2Ftags&post=1115"}],"curies":[{"name":"wp","href":"https:\/\/api.w.org\/{rel}","templated":true}]}}