{"id":11160,"date":"2021-10-02T01:07:00","date_gmt":"2021-10-02T04:07:00","guid":{"rendered":"http:\/\/panoramadelsur.com.ar\/?p=11160"},"modified":"2021-10-01T12:51:30","modified_gmt":"2021-10-01T15:51:30","slug":"huracan-y-arsenal-se-enfrentan-este-viernes-en-parque-patricios-con-la-premisa-de-sumar-un-nuevo-triunfo","status":"publish","type":"post","link":"https:\/\/panoramadelsur.com.ar\/?p=11160","title":{"rendered":"HURAC\u00c1N Y ARSENAL SE ENFRENTAN ESTE VIERNES EN PARQUE PATRICIOS CON LA PREMISA DE SUMAR UN NUEVO TRIUNFO"},"content":{"rendered":"\n<p>Hurac\u00e1n y Arsenal de Sarand\u00ed, equipos que vienen de vencer en la fecha pasada, jugar\u00e1n en Parque de Los Patricios con el objetivo de sumar una nueva victoria, en uno de los cinco partidos a celebrarse este s\u00e1bado por la 14ta. jornada de la Liga Profesional (LPF).<\/p>\n\n\n\n<p>El partido se desarrollar\u00e1 en el estadio Tom\u00e1s Adolfo Duc\u00f3, ubicado en el barrio porte\u00f1o de Parque de los Patricios, desde las 15.45, con Patricio Loustau como refer\u00ed y televisaci\u00f3n de TNT Sports.<\/p>\n\n\n\n<p>Hurac\u00e1n, dirigido por Frank Kudelka, llegar\u00e1 entonado luego del valioso triunfo logrado en Rosario ante Newell&#8217;s Old Boys (1-0), que le sirvi\u00f3 para elevar el \u00e1nimo y, en especial, para engrosar el magro promedio para la temporada pr\u00f3xima, ya que apenas supera a cuatro equipos.<\/p>\n\n\n\n<p>Por su parte, Arsenal consigui\u00f3 vencer de local a Lan\u00fas (1-0) en el primer triunfo del equipo desde que asumi\u00f3 como entrenador Israel Damonte, quien sumaba tres empates y tres derrotas, sin goles a favor.<\/p>\n\n\n\n<p>En el historial jugaron en 14 ocasiones con leve ventaja de Arsenal con cinco triunfo contra tres del \u00abGlobo\u00bb y seis empates.<\/p>\n\n\n\n<p>+ Probables formaciones +<\/p>\n\n\n\n<p>Hurac\u00e1n: Marcos D\u00edaz; Ismael Quilez, Jonathan Galv\u00e1n, Lucas Merolla y C\u00e9sar Ib\u00e1\u00f1ez; Lucas Vera, Fabi\u00e1n Henriquez y Franco Cristaldo; Rodrigo Cabral, Mat\u00edas C\u00f3ccaro y Jhonatan Candia. DT: Frank Dar\u00edo Kudelka.<\/p>\n\n\n\n<p>Arsenal: Alejandro Medina; Gast\u00f3n Benav\u00eddez, Gonzalo Go\u00f1i, Gast\u00f3n Suso y Emiliano Papa; Dardo Miloca, Leonel Picco, Facundo Kruspzky y Nicol\u00e1s Castro; Bruno Sep\u00falveda y Nicol\u00e1s Mazzola. DT: Israel Damonte.<\/p>\n\n\n\n<p>Arbitro: Patricio Loustau.<\/p>\n\n\n\n<p>Cancha: Hurac\u00e1n.<\/p>\n\n\n\n<p>Hora de inicio: 15.45.<\/p>\n\n\n\n<p>TV: TNT Sports.<a href=\"javascript:void(0)\"><\/a><\/p>\n","protected":false},"excerpt":{"rendered":"<p>Hurac\u00e1n y<\/p>\n","protected":false},"author":1,"featured_media":39574,"comment_status":"open","ping_status":"open","sticky":false,"template":"","format":"standard","meta":{"footnotes":""},"categories":[6],"tags":[],"class_list":["post-11160","post","type-post","status-publish","format-standard","has-post-thumbnail","hentry","category-deportes"],"_links":{"self":[{"href":"https:\/\/panoramadelsur.com.ar\/index.php?rest_route=\/wp\/v2\/posts\/11160","targetHints":{"allow":["GET"]}}],"collection":[{"href":"https:\/\/panoramadelsur.com.ar\/index.php?rest_route=\/wp\/v2\/posts"}],"about":[{"href":"https:\/\/panoramadelsur.com.ar\/index.php?rest_route=\/wp\/v2\/types\/post"}],"author":[{"embeddable":true,"href":"https:\/\/panoramadelsur.com.ar\/index.php?rest_route=\/wp\/v2\/users\/1"}],"replies":[{"embeddable":true,"href":"https:\/\/panoramadelsur.com.ar\/index.php?rest_route=%2Fwp%2Fv2%2Fcomments&post=11160"}],"version-history":[{"count":1,"href":"https:\/\/panoramadelsur.com.ar\/index.php?rest_route=\/wp\/v2\/posts\/11160\/revisions"}],"predecessor-version":[{"id":11162,"href":"https:\/\/panoramadelsur.com.ar\/index.php?rest_route=\/wp\/v2\/posts\/11160\/revisions\/11162"}],"wp:featuredmedia":[{"embeddable":true,"href":"https:\/\/panoramadelsur.com.ar\/index.php?rest_route=\/wp\/v2\/media\/39574"}],"wp:attachment":[{"href":"https:\/\/panoramadelsur.com.ar\/index.php?rest_route=%2Fwp%2Fv2%2Fmedia&parent=11160"}],"wp:term":[{"taxonomy":"category","embeddable":true,"href":"https:\/\/panoramadelsur.com.ar\/index.php?rest_route=%2Fwp%2Fv2%2Fcategories&post=11160"},{"taxonomy":"post_tag","embeddable":true,"href":"https:\/\/panoramadelsur.com.ar\/index.php?rest_route=%2Fwp%2Fv2%2Ftags&post=11160"}],"curies":[{"name":"wp","href":"https:\/\/api.w.org\/{rel}","templated":true}]}}