{"id":11169,"date":"2021-10-01T14:17:46","date_gmt":"2021-10-01T17:17:46","guid":{"rendered":"http:\/\/panoramadelsur.com.ar\/?p=11169"},"modified":"2021-10-01T14:17:47","modified_gmt":"2021-10-01T17:17:47","slug":"detenidos-por-robar-cables-en-bernal-tras-ser-detectados-por-las-camaras-de-seguridad-del-municipio-de-quilmes","status":"publish","type":"post","link":"https:\/\/panoramadelsur.com.ar\/?p=11169","title":{"rendered":"DETENIDOS POR ROBAR CABLES EN BERNAL TRAS SER DETECTADOS POR LAS C\u00c1MARAS DE SEGURIDAD DEL MUNICIPIO DE QUILMES"},"content":{"rendered":"\n<p>A trav\u00e9s de las secuencias registradas por las c\u00e1maras del Centro de Emergencias Quilmes (CEQ), la Polic\u00eda aprehendi\u00f3 a dos sujetos robando cables del tendido p\u00fablico, en Bernal.<\/p>\n\n\n\n<p>La Secretar\u00eda de Seguridad y Ordenamiento Urbano del Municipio de Quilmes informa que, a trav\u00e9s del Centro \u00danico de Monitoreo, personal dedicado a observar las im\u00e1genes de las c\u00e1maras de seguridad del espacio p\u00fablico divis\u00f3 alrededor de las 5 de la ma\u00f1ana, a dos masculinos cortando cables en la intersecci\u00f3n de las avenidas Dardo Rocha y Zapiola.<\/p>\n\n\n\n<p>Al arribar, los patrulleros observaron a los dos individuos, quienes al notar la presencia policial salieron corriendo. Sin embargo, dejaron en el suelo dos tramos de cables, por lo que se produjo el seguimiento de los mismos y se los intercept\u00f3 a unos 50 metros sobre las calles Rodr\u00edguez Pe\u00f1a y Pizzurno. Cabe mencionar que, los cables extra\u00eddos tienen una longitud de 30 metros.<\/p>\n\n\n\n<p>Por \u00faltimo, efectuada la detenci\u00f3n, se mantuvo comunicaci\u00f3n con la FRPJ N\u00ba 2 de Quilmes, que dispuso que se iniciaran actuaciones por el delito de tentativa de robo.<\/p>\n","protected":false},"excerpt":{"rendered":"<p>A trav\u00e9s<\/p>\n","protected":false},"author":1,"featured_media":39574,"comment_status":"open","ping_status":"open","sticky":false,"template":"","format":"standard","meta":{"footnotes":""},"categories":[2],"tags":[],"class_list":["post-11169","post","type-post","status-publish","format-standard","has-post-thumbnail","hentry","category-quilmes"],"_links":{"self":[{"href":"https:\/\/panoramadelsur.com.ar\/index.php?rest_route=\/wp\/v2\/posts\/11169","targetHints":{"allow":["GET"]}}],"collection":[{"href":"https:\/\/panoramadelsur.com.ar\/index.php?rest_route=\/wp\/v2\/posts"}],"about":[{"href":"https:\/\/panoramadelsur.com.ar\/index.php?rest_route=\/wp\/v2\/types\/post"}],"author":[{"embeddable":true,"href":"https:\/\/panoramadelsur.com.ar\/index.php?rest_route=\/wp\/v2\/users\/1"}],"replies":[{"embeddable":true,"href":"https:\/\/panoramadelsur.com.ar\/index.php?rest_route=%2Fwp%2Fv2%2Fcomments&post=11169"}],"version-history":[{"count":1,"href":"https:\/\/panoramadelsur.com.ar\/index.php?rest_route=\/wp\/v2\/posts\/11169\/revisions"}],"predecessor-version":[{"id":11171,"href":"https:\/\/panoramadelsur.com.ar\/index.php?rest_route=\/wp\/v2\/posts\/11169\/revisions\/11171"}],"wp:featuredmedia":[{"embeddable":true,"href":"https:\/\/panoramadelsur.com.ar\/index.php?rest_route=\/wp\/v2\/media\/39574"}],"wp:attachment":[{"href":"https:\/\/panoramadelsur.com.ar\/index.php?rest_route=%2Fwp%2Fv2%2Fmedia&parent=11169"}],"wp:term":[{"taxonomy":"category","embeddable":true,"href":"https:\/\/panoramadelsur.com.ar\/index.php?rest_route=%2Fwp%2Fv2%2Fcategories&post=11169"},{"taxonomy":"post_tag","embeddable":true,"href":"https:\/\/panoramadelsur.com.ar\/index.php?rest_route=%2Fwp%2Fv2%2Ftags&post=11169"}],"curies":[{"name":"wp","href":"https:\/\/api.w.org\/{rel}","templated":true}]}}