{"id":11181,"date":"2021-10-04T01:05:00","date_gmt":"2021-10-04T04:05:00","guid":{"rendered":"http:\/\/panoramadelsur.com.ar\/?p=11181"},"modified":"2021-10-03T22:10:44","modified_gmt":"2021-10-04T01:10:44","slug":"destacan-el-aporte-del-proyecto-de-ley-de-etica-publica-bonaerense-en-postpandemia","status":"publish","type":"post","link":"https:\/\/panoramadelsur.com.ar\/?p=11181","title":{"rendered":"DESTACAN EL APORTE DEL PROYECTO DE LEY DE \u00c9TICA P\u00daBLICA BONAERENSE EN POSTPANDEMIA"},"content":{"rendered":"\n<p>La Subsecretar\u00eda de Transparencia Institucional bonaerense particip\u00f3 del VI Congreso Nacional \u00abEstado y Pol\u00edticas P\u00fablicas. Pensar la post pandemia. Pol\u00edticas P\u00fablicas para la reconstrucci\u00f3n\u00bb y recibi\u00f3 el reconocimiento de la Facultad Latinoamericana de Ciencias Sociales (Flacso), se inform\u00f3 oficialmente.<\/p>\n\n\n\n<p>Se trata proyecto de Ley de \u00c9tica P\u00fablica y Transparencia impulsado por el Ministerio de Justicia y Derechos Humanos de la provincia de Buenos Aires, que tiene como objetivo establecer un sistema de promoci\u00f3n, impulso y garant\u00eda de la integridad y la transparencia en el \u00e1mbito provincial con un enfoque transversal de derechos humanos, g\u00e9nero y diversidad para lograr una funci\u00f3n p\u00fablica igualitaria, equitativa y sin discriminaci\u00f3n, se inform\u00f3 en un comunicado.<\/p>\n\n\n\n<p>La subsecretaria de Transparencia Institucional bonaerense, Ana Laura Ramos, agradeci\u00f3 a la casa de estudios \u00abpor destinar un cap\u00edtulo, dentro de la propuesta\u00bb y destac\u00f3 la necesidad de \u00abconstruir una cultura de la transparencia con participaci\u00f3n ciudadana, inclusi\u00f3n social y reconocimiento de la diversidad, en un contexto de igualdad de g\u00e9nero y respeto irrestricto a los derechos humanos por parte de quienes ejercemos la funci\u00f3n p\u00fablica\u00bb.<\/p>\n\n\n\n<p>El congreso, desarrollado en modalidad virtual, funciona como espacio de intercambio acad\u00e9mico, debate y reflexi\u00f3n entre destacados funcionarios de la pol\u00edtica argentina, profesionales, estudiantes, expertos e investigadores en materia de comunicaci\u00f3n, tecnolog\u00eda, bio\u00e9tica, gesti\u00f3n ambiental, dise\u00f1o de pol\u00edticas p\u00fablicas, gobierno abierto, entre otros temas de inter\u00e9s.<\/p>\n\n\n\n<p>La funcionaria inform\u00f3 que \u00aben la provincia de Buenos Aires, el gobernador Axel Kicillof y el ministro de Justicia y Derechos Humanos, Julio Alak, publicaron el anteproyecto de Ley de \u00c9tica P\u00fablica y Transparencia para que la ciudadan\u00eda est\u00e9 informada y pueda realizar aportes\u00bb.<\/p>\n\n\n\n<p>\u00abLa elaboraci\u00f3n participativa de normas permite que la ciudadan\u00eda se apropie de estos debates, mejore la calidad de las propuestas, ampl\u00ede su legitimidad y aumente la posibilidad de reformas sustantivas\u00bb indic\u00f3 la funcionaria.<\/p>\n\n\n\n<p>Explic\u00f3 \u00abque a partir de este debate se logr\u00f3 que el 100% de los funcionarios p\u00fablicos, de organismos y entes descentralizados presentan en t\u00e9rmino sus declaraciones juradas, en l\u00ednea con sus presentaciones en la AFIP y que esta tem\u00e1tica est\u00e1 siendo incorporada en los programas de estudio de todos los niveles educativos intereses e incompatibilidades\u00bb.<\/p>\n\n\n\n<p>Y destac\u00f3 que en la etapa de elaboraci\u00f3n del texto del anteproyecto participaron universidades nacionales, colegios profesionales, organizaciones de la sociedad civil, organismos de control y representantes de los poderes p\u00fablicos, en un di\u00e1logo que defini\u00f3 como \u00abplural e inclusivo\u00bb.<\/p>\n","protected":false},"excerpt":{"rendered":"<p>La Subsecretar\u00eda<\/p>\n","protected":false},"author":1,"featured_media":39574,"comment_status":"open","ping_status":"open","sticky":false,"template":"","format":"standard","meta":{"footnotes":""},"categories":[5],"tags":[],"class_list":["post-11181","post","type-post","status-publish","format-standard","has-post-thumbnail","hentry","category-provincia"],"_links":{"self":[{"href":"https:\/\/panoramadelsur.com.ar\/index.php?rest_route=\/wp\/v2\/posts\/11181","targetHints":{"allow":["GET"]}}],"collection":[{"href":"https:\/\/panoramadelsur.com.ar\/index.php?rest_route=\/wp\/v2\/posts"}],"about":[{"href":"https:\/\/panoramadelsur.com.ar\/index.php?rest_route=\/wp\/v2\/types\/post"}],"author":[{"embeddable":true,"href":"https:\/\/panoramadelsur.com.ar\/index.php?rest_route=\/wp\/v2\/users\/1"}],"replies":[{"embeddable":true,"href":"https:\/\/panoramadelsur.com.ar\/index.php?rest_route=%2Fwp%2Fv2%2Fcomments&post=11181"}],"version-history":[{"count":1,"href":"https:\/\/panoramadelsur.com.ar\/index.php?rest_route=\/wp\/v2\/posts\/11181\/revisions"}],"predecessor-version":[{"id":11183,"href":"https:\/\/panoramadelsur.com.ar\/index.php?rest_route=\/wp\/v2\/posts\/11181\/revisions\/11183"}],"wp:featuredmedia":[{"embeddable":true,"href":"https:\/\/panoramadelsur.com.ar\/index.php?rest_route=\/wp\/v2\/media\/39574"}],"wp:attachment":[{"href":"https:\/\/panoramadelsur.com.ar\/index.php?rest_route=%2Fwp%2Fv2%2Fmedia&parent=11181"}],"wp:term":[{"taxonomy":"category","embeddable":true,"href":"https:\/\/panoramadelsur.com.ar\/index.php?rest_route=%2Fwp%2Fv2%2Fcategories&post=11181"},{"taxonomy":"post_tag","embeddable":true,"href":"https:\/\/panoramadelsur.com.ar\/index.php?rest_route=%2Fwp%2Fv2%2Ftags&post=11181"}],"curies":[{"name":"wp","href":"https:\/\/api.w.org\/{rel}","templated":true}]}}