{"id":11184,"date":"2021-10-04T01:01:00","date_gmt":"2021-10-04T04:01:00","guid":{"rendered":"http:\/\/panoramadelsur.com.ar\/?p=11184"},"modified":"2021-10-03T22:21:32","modified_gmt":"2021-10-04T01:21:32","slug":"este-lunes-pagan-pensiones-no-contributivas-a-titulares-con-dni-finalizado-en-2-y-3","status":"publish","type":"post","link":"https:\/\/panoramadelsur.com.ar\/?p=11184","title":{"rendered":"ESTE LUNES PAGAN PENSIONES NO CONTRIBUTIVAS A TITULARES CON DNI FINALIZADO EN 2 Y 3"},"content":{"rendered":"\n<p>Los titulares de Pensiones No Contributivas (PNC) con Documento Nacional de Identidad (DNI) finalizado en 2 y 3 cobran este lunes por ventanilla, en las sucursales bancarias correspondientes.<\/p>\n\n\n\n<p>Tambi\u00e9n, junto a sus haberes de octubre recibir\u00e1n el pago de un monto equivalente al bols\u00f3n de alientos.<\/p>\n\n\n\n<p>Mientras que las madres de 7 hijos que perciben PNC con DNI terminado en 2 y 3, y que no poseen tarjeta pl\u00e1stica, tendr\u00e1n este lunes acreditado el importe asignado en el marco del programa Alimentar.<\/p>\n","protected":false},"excerpt":{"rendered":"<p>Los titulares<\/p>\n","protected":false},"author":1,"featured_media":39574,"comment_status":"open","ping_status":"open","sticky":false,"template":"","format":"standard","meta":{"footnotes":""},"categories":[4,8],"tags":[],"class_list":["post-11184","post","type-post","status-publish","format-standard","has-post-thumbnail","hentry","category-nacionales","category-para-agendar"],"_links":{"self":[{"href":"https:\/\/panoramadelsur.com.ar\/index.php?rest_route=\/wp\/v2\/posts\/11184","targetHints":{"allow":["GET"]}}],"collection":[{"href":"https:\/\/panoramadelsur.com.ar\/index.php?rest_route=\/wp\/v2\/posts"}],"about":[{"href":"https:\/\/panoramadelsur.com.ar\/index.php?rest_route=\/wp\/v2\/types\/post"}],"author":[{"embeddable":true,"href":"https:\/\/panoramadelsur.com.ar\/index.php?rest_route=\/wp\/v2\/users\/1"}],"replies":[{"embeddable":true,"href":"https:\/\/panoramadelsur.com.ar\/index.php?rest_route=%2Fwp%2Fv2%2Fcomments&post=11184"}],"version-history":[{"count":1,"href":"https:\/\/panoramadelsur.com.ar\/index.php?rest_route=\/wp\/v2\/posts\/11184\/revisions"}],"predecessor-version":[{"id":11185,"href":"https:\/\/panoramadelsur.com.ar\/index.php?rest_route=\/wp\/v2\/posts\/11184\/revisions\/11185"}],"wp:featuredmedia":[{"embeddable":true,"href":"https:\/\/panoramadelsur.com.ar\/index.php?rest_route=\/wp\/v2\/media\/39574"}],"wp:attachment":[{"href":"https:\/\/panoramadelsur.com.ar\/index.php?rest_route=%2Fwp%2Fv2%2Fmedia&parent=11184"}],"wp:term":[{"taxonomy":"category","embeddable":true,"href":"https:\/\/panoramadelsur.com.ar\/index.php?rest_route=%2Fwp%2Fv2%2Fcategories&post=11184"},{"taxonomy":"post_tag","embeddable":true,"href":"https:\/\/panoramadelsur.com.ar\/index.php?rest_route=%2Fwp%2Fv2%2Ftags&post=11184"}],"curies":[{"name":"wp","href":"https:\/\/api.w.org\/{rel}","templated":true}]}}