{"id":11189,"date":"2021-10-04T01:02:00","date_gmt":"2021-10-04T04:02:00","guid":{"rendered":"http:\/\/panoramadelsur.com.ar\/?p=11189"},"modified":"2021-10-04T02:50:49","modified_gmt":"2021-10-04T05:50:49","slug":"el-presidente-recibira-este-lunes-en-casa-rosada-a-directivos-del-grupo-dia-que-anunciaran-inversiones","status":"publish","type":"post","link":"https:\/\/panoramadelsur.com.ar\/?p=11189","title":{"rendered":"EL PRESIDENTE RECIBIR\u00c1 ESTE LUNES EN CASA ROSADA A DIRECTIVOS DEL GRUPO D\u00cdA, QUE ANUNCIAR\u00c1N INVERSIONES"},"content":{"rendered":"\n<p>El presidente Alberto Fern\u00e1ndez recibir\u00e1 este lunes a las 11.30 en la Casa Rosada a directivos del Grupo D\u00eda, que le presentar\u00e1n un plan de inversiones en el pa\u00eds por 115 millones de d\u00f3lares durante el per\u00edodo 2021-2023, lo que implicar\u00e1 la creaci\u00f3n de un total de 3.000 puestos de trabajo directos e indirectos.<\/p>\n\n\n\n<p>El Grupo D\u00eda, que desembarc\u00f3 en el pa\u00eds en 1996, tambi\u00e9n proyecta abrir 263 locales en todo el territorio con un desembolso de 75 millones de d\u00f3lares y 370 remodelaciones, que significar\u00e1n 40 millones de d\u00f3lares, seg\u00fan inform\u00f3 Presidencia.<\/p>\n\n\n\n<p>Se trata de la primera franquiciadora en el rubro supermercados en el pa\u00eds, ocupa la cuarta ubicaci\u00f3n en el ranking de empresas con mayor n\u00famero de locales de esa modalidad a nivel nacional y posee cinco centros de distribuci\u00f3n.<\/p>\n\n\n\n<p>Adem\u00e1s, tiene 6.626 tiendas propias y a trav\u00e9s de licencias ubicadas en Argentina, Espa\u00f1a, Portugal y Brasil.<\/p>\n\n\n\n<p>Por su parte, el jefe de Gabinete, Juan Manzur, encabezar\u00e1 a las 8.30 en Casa Rosada una reuni\u00f3n de trabajo con el vicegobernador en ejercicio de la gobernaci\u00f3n de Tucum\u00e1n, Osvaldo Jaldo, y todos los integrantes del gabinete de esa provincia.<\/p>\n\n\n\n<p>Del encuentro participar\u00e1n tambi\u00e9n los ministros de Territorio y H\u00e1bitat, Jorge Ferraresi; de Educaci\u00f3n, Jaime Perczyk, y de Turismo y Deportes, Mat\u00edas Lammens.<\/p>\n\n\n\n<p>A las 10, Manzur estar\u00e1 en el partido bonaerense de Berazategui para el acto por el inicio de la obra del Parque Tecnol\u00f3gico Industrial, junto a los ministros de Econom\u00eda, Mart\u00edn Guzm\u00e1n; de Desarrollo Social, Juan Zabaleta, y de Turismo y Deportes, Mat\u00edas Lammens.<\/p>\n\n\n\n<p>A las11.30, en tanto, el ministro coordinador encabezar\u00e1 en la misma ciudad el lanzamiento del programa Mejor Barrio, que prev\u00e9 la construcci\u00f3n de 400 espacios multideportivos, junto a Zabaleta y Lammens.<\/p>\n\n\n\n<p>Por \u00faltimo, a las 20, Manzur participar\u00e1 en el Club H\u00edpico Argentino junto a Lammens del traspaso de autoridades del Comit\u00e9 Ol\u00edmpico Argentino (COA) para el periodo 2021-2025.<a href=\"javascript:void(0)\"><\/a><\/p>\n","protected":false},"excerpt":{"rendered":"<p>El presidente<\/p>\n","protected":false},"author":1,"featured_media":39574,"comment_status":"open","ping_status":"open","sticky":false,"template":"","format":"standard","meta":{"footnotes":""},"categories":[4,8],"tags":[],"class_list":["post-11189","post","type-post","status-publish","format-standard","has-post-thumbnail","hentry","category-nacionales","category-para-agendar"],"_links":{"self":[{"href":"https:\/\/panoramadelsur.com.ar\/index.php?rest_route=\/wp\/v2\/posts\/11189","targetHints":{"allow":["GET"]}}],"collection":[{"href":"https:\/\/panoramadelsur.com.ar\/index.php?rest_route=\/wp\/v2\/posts"}],"about":[{"href":"https:\/\/panoramadelsur.com.ar\/index.php?rest_route=\/wp\/v2\/types\/post"}],"author":[{"embeddable":true,"href":"https:\/\/panoramadelsur.com.ar\/index.php?rest_route=\/wp\/v2\/users\/1"}],"replies":[{"embeddable":true,"href":"https:\/\/panoramadelsur.com.ar\/index.php?rest_route=%2Fwp%2Fv2%2Fcomments&post=11189"}],"version-history":[{"count":1,"href":"https:\/\/panoramadelsur.com.ar\/index.php?rest_route=\/wp\/v2\/posts\/11189\/revisions"}],"predecessor-version":[{"id":11190,"href":"https:\/\/panoramadelsur.com.ar\/index.php?rest_route=\/wp\/v2\/posts\/11189\/revisions\/11190"}],"wp:featuredmedia":[{"embeddable":true,"href":"https:\/\/panoramadelsur.com.ar\/index.php?rest_route=\/wp\/v2\/media\/39574"}],"wp:attachment":[{"href":"https:\/\/panoramadelsur.com.ar\/index.php?rest_route=%2Fwp%2Fv2%2Fmedia&parent=11189"}],"wp:term":[{"taxonomy":"category","embeddable":true,"href":"https:\/\/panoramadelsur.com.ar\/index.php?rest_route=%2Fwp%2Fv2%2Fcategories&post=11189"},{"taxonomy":"post_tag","embeddable":true,"href":"https:\/\/panoramadelsur.com.ar\/index.php?rest_route=%2Fwp%2Fv2%2Ftags&post=11189"}],"curies":[{"name":"wp","href":"https:\/\/api.w.org\/{rel}","templated":true}]}}