{"id":11206,"date":"2021-10-04T01:03:00","date_gmt":"2021-10-04T04:03:00","guid":{"rendered":"http:\/\/panoramadelsur.com.ar\/?p=11206"},"modified":"2021-10-04T03:55:30","modified_gmt":"2021-10-04T06:55:30","slug":"mayra-tras-el-incendio-en-boris-sa-queremos-garantizarles-tranquilidad-a-los-trabajadores-y-ayudar-en-la-reconstruccion-de-la-empresa","status":"publish","type":"post","link":"https:\/\/panoramadelsur.com.ar\/?p=11206","title":{"rendered":"MAYRA TRAS EL INCENDIO EN BORIS SA: \u00abQUEREMOS GARANTIZARLES TRANQUILIDAD A LOS TRABAJADORES Y AYUDAR EN LA RECONSTRUCCI\u00d3N DE LA EMPRESA\u00bb"},"content":{"rendered":"\n<p>La intendenta de Quilmes, Mayra Mendoza, se reuni\u00f3 con Claudio Moroni, ministro de Trabajo, Empleo y Seguridad Social de la Naci\u00f3n, Mara Ruiz Malec, ministra de Trabajo de la provincia de Buenos Aires, y los sindicalistas \u00c1ngel Costa (SETIA) y Daniel Mu\u00f1oz (UTICRA), para coordinar esfuerzos y acciones tras el incendio que se desat\u00f3 en el Parque Industrial de Bernal y que afect\u00f3 seriamente a la empresa Boris SA.<\/p>\n\n\n\n<p>\u201cHemos convocado a una reuni\u00f3n para abordar una soluci\u00f3n conjunta para los trabajadores de Boris y sus familias. Ante tanto da\u00f1o emocional y material, queremos garantizarles tranquilidad y ayudar en la reconstrucci\u00f3n de la empresa. Desde el Estado Nacional, Provincial y Municipal, nos hacemos presentes, como siempre, y nos ponemos a disposici\u00f3n para que podamos salir adelante de este dif\u00edcil momento\u201d, asegur\u00f3 Mayra.<\/p>\n\n\n\n<p>Por su parte, Claudio Moroni indic\u00f3 que \u201cel objetivo es ayudar al sostenimiento del empleo de los trabajadores y a la tranquilidad de las familias afectadas por este desastre. Pondremos a disposici\u00f3n todas las herramientas que tenemos para que se puedan reconstruir las fuentes de trabajo. Lo importante en esto es la coordinaci\u00f3n. Los ministerios podemos ayudar, pero requerimos un fuerte trabajo territorial y, en ese sentido, contamos con todo el compromiso de Mayra, una trabajadora incansable que el viernes me llam\u00f3 muy tarde y el s\u00e1bado ya nos encontramos con el \u00fanico fin de resolver los problemas de la gente\u201d.<\/p>\n\n\n\n<p>En esta l\u00ednea, Mara Ruiz Malec remarc\u00f3 que \u201ctodos los programas y herramientas de los ministerios de Trabajo de la Provincia y de la Naci\u00f3n est\u00e1n a disposici\u00f3n para sostener los ingresos de los trabajadores y las fuentes de trabajo. Vamos a trabajar junto a la empresa con el objetivo de darles continuidad en los pr\u00f3ximos meses a estos trabajadores y trabajadoras que est\u00e1n pasando un momento de mucha angustia, hasta que se pueda recomponer la producci\u00f3n\u201d.<\/p>\n\n\n\n<p>A su turno, \u00c1ngel Costa, secretario adjunto del Sindicato de Empleados Textiles de la Industria y Afines seccional Quilmes, ponder\u00f3 la \u201cceleridad con la que las autoridades nos convocaron a la reuni\u00f3n\u201d y destac\u00f3 que \u201cmi presencia obedece en este momento al compromiso que nuestra organizaci\u00f3n sindical quiere dejar bien establecido junto con las autoridades comunales, de la provincia de Buenos Aires y de la Naci\u00f3n, en todo lo que tenga que ver en la colaboraci\u00f3n para superar este grave siniestro que sufri\u00f3 la empresa Boris, en la cual nosotros tenemos trabajadoras y trabajadores que representamos. Estamos tirando todos para el mismo lado, con el prop\u00f3sito de darle tranquilidad y certidumbre a todo el colectivo trabajador que est\u00e1 en esta empresa\u201d.<\/p>\n\n\n\n<p>Por \u00faltimo, el secretario general regi\u00f3n zona sur del Sindicato del Calzado, Daniel Mu\u00f1oz, expres\u00f3 la voluntad de trabajar codo a codo en busca de soluciones: \u201cTuvimos una reuni\u00f3n fruct\u00edfera ante esta desgracia no esperada. Seguiremos teniendo reuniones en la semana con los ministerios de Trabajo, con la Intendenta y con la empresa. El Sindicato de Calzado est\u00e1 totalmente a disposici\u00f3n, se presta a lo que nos indiquen. Ante esta desgracia, estamos con todos los trabajadores. Nos mantenemos continuamente comunicados con ellos, queremos estar a la altura de la situaci\u00f3n y poder dar una mano en lo que se necesite\u201d.<\/p>\n\n\n\n<p>El encuentro se realiz\u00f3 en el Palacio Comunal (Alberdi 500) y cont\u00f3 con la participaci\u00f3n de la titular de la Agencia de Fiscalizaci\u00f3n y Control Comunal de Quilmes, Alejandra Cordeiro; el subsecretario de Producci\u00f3n y Empleo, Paul O&#8217;Shanghnessy; y la delegada regional de Quilmes del Ministerio de Trabajo bonaerense, Laura Gonz\u00e1lez.<\/p>\n","protected":false},"excerpt":{"rendered":"<p>La intendenta<\/p>\n","protected":false},"author":1,"featured_media":39574,"comment_status":"open","ping_status":"open","sticky":false,"template":"","format":"standard","meta":{"footnotes":""},"categories":[1,2],"tags":[],"class_list":["post-11206","post","type-post","status-publish","format-standard","has-post-thumbnail","hentry","category-destacados","category-quilmes"],"_links":{"self":[{"href":"https:\/\/panoramadelsur.com.ar\/index.php?rest_route=\/wp\/v2\/posts\/11206","targetHints":{"allow":["GET"]}}],"collection":[{"href":"https:\/\/panoramadelsur.com.ar\/index.php?rest_route=\/wp\/v2\/posts"}],"about":[{"href":"https:\/\/panoramadelsur.com.ar\/index.php?rest_route=\/wp\/v2\/types\/post"}],"author":[{"embeddable":true,"href":"https:\/\/panoramadelsur.com.ar\/index.php?rest_route=\/wp\/v2\/users\/1"}],"replies":[{"embeddable":true,"href":"https:\/\/panoramadelsur.com.ar\/index.php?rest_route=%2Fwp%2Fv2%2Fcomments&post=11206"}],"version-history":[{"count":1,"href":"https:\/\/panoramadelsur.com.ar\/index.php?rest_route=\/wp\/v2\/posts\/11206\/revisions"}],"predecessor-version":[{"id":11208,"href":"https:\/\/panoramadelsur.com.ar\/index.php?rest_route=\/wp\/v2\/posts\/11206\/revisions\/11208"}],"wp:featuredmedia":[{"embeddable":true,"href":"https:\/\/panoramadelsur.com.ar\/index.php?rest_route=\/wp\/v2\/media\/39574"}],"wp:attachment":[{"href":"https:\/\/panoramadelsur.com.ar\/index.php?rest_route=%2Fwp%2Fv2%2Fmedia&parent=11206"}],"wp:term":[{"taxonomy":"category","embeddable":true,"href":"https:\/\/panoramadelsur.com.ar\/index.php?rest_route=%2Fwp%2Fv2%2Fcategories&post=11206"},{"taxonomy":"post_tag","embeddable":true,"href":"https:\/\/panoramadelsur.com.ar\/index.php?rest_route=%2Fwp%2Fv2%2Ftags&post=11206"}],"curies":[{"name":"wp","href":"https:\/\/api.w.org\/{rel}","templated":true}]}}