{"id":11218,"date":"2021-10-04T01:02:00","date_gmt":"2021-10-04T04:02:00","guid":{"rendered":"http:\/\/panoramadelsur.com.ar\/?p=11218"},"modified":"2021-10-04T04:26:27","modified_gmt":"2021-10-04T07:26:27","slug":"varela-inician-nueva-obra-de-reconstruccion-de-pavimento-en-el-barrio-lujan","status":"publish","type":"post","link":"https:\/\/panoramadelsur.com.ar\/?p=11218","title":{"rendered":"VARELA: INICIAN NUEVA OBRA DE RECONSTRUCCI\u00d3N DE PAVIMENTO EN EL BARRIO LUJAN"},"content":{"rendered":"\n<p>La Municipalidad de Florencio Varela, a trav\u00e9s de la secretar\u00eda de Obras, Servicios P\u00fablicos y Planificaci\u00f3n Urbana hace saber que se program\u00f3 para este lunes, el inicio de trabajos de reconstrucci\u00f3n de pavimento en hormig\u00f3n simple sobre la calleLos Pinos, del barrio Lujan.<\/p>\n\n\n\n<p>Las tareas previstas son impulsadas por el intendente Andr\u00e9s Watson y, una vez finalizadas, permitir\u00e1n \u201cmejorar la transitabilidad del acceso a escuela de educaci\u00f3n primaria N\u00ba 44 y el circuito del tr\u00e1nsito de red vial y peatonal, al ser una v\u00eda de acceso al barrio.\u201d, se explic\u00f3 desde la dependencia gubernamental.<\/p>\n\n\n\n<p>Los trabajos planificados demandar\u00e1n una inversi\u00f3n de $ 5.156.725, financiados mediante el Fondo Educativo municipal, gestionado a favor de la comunidad por el intendente Andr\u00e9s Watson, en el marco de la Ley 26.075 que prev\u00e9 el incremento de la inversi\u00f3n en educaci\u00f3n, ciencia y tecnolog\u00eda por parte del Gobierno nacional.<\/p>\n\n\n\n<p>El proyecto contempla obras en una superficie de 652,75 metros cuadrados aproximadamente, en los tramos que se comprenden sobre:<\/p>\n\n\n\n<ul class=\"wp-block-list\"><li>Calle Los Pinos entre El Boyero y La Paloma.<\/li><li>Calle Los Pinos y El \u00d1and\u00fa.<\/li><li>Calle Los Pinos entre El Tero y El Canario.<\/li><\/ul>\n\n\n\n<p>Se estima un plazo de obra de alrededor de 15 d\u00edas.<\/p>\n\n\n\n<p>Las laborescomenzar\u00e1nsobre media calzada en calle Los Pinos y el \u00d1and\u00fa. Para garantizar la fluidez de tr\u00e1nsito vehicular y del transporte p\u00fablico durante el desarrollo de las obra<a><\/a>s, se organizaron los desv\u00edos pertinentes.<\/p>\n","protected":false},"excerpt":{"rendered":"<p>La Municipalidad<\/p>\n","protected":false},"author":1,"featured_media":39574,"comment_status":"open","ping_status":"open","sticky":false,"template":"","format":"standard","meta":{"footnotes":""},"categories":[1,3],"tags":[],"class_list":["post-11218","post","type-post","status-publish","format-standard","has-post-thumbnail","hentry","category-destacados","category-regionales"],"_links":{"self":[{"href":"https:\/\/panoramadelsur.com.ar\/index.php?rest_route=\/wp\/v2\/posts\/11218","targetHints":{"allow":["GET"]}}],"collection":[{"href":"https:\/\/panoramadelsur.com.ar\/index.php?rest_route=\/wp\/v2\/posts"}],"about":[{"href":"https:\/\/panoramadelsur.com.ar\/index.php?rest_route=\/wp\/v2\/types\/post"}],"author":[{"embeddable":true,"href":"https:\/\/panoramadelsur.com.ar\/index.php?rest_route=\/wp\/v2\/users\/1"}],"replies":[{"embeddable":true,"href":"https:\/\/panoramadelsur.com.ar\/index.php?rest_route=%2Fwp%2Fv2%2Fcomments&post=11218"}],"version-history":[{"count":1,"href":"https:\/\/panoramadelsur.com.ar\/index.php?rest_route=\/wp\/v2\/posts\/11218\/revisions"}],"predecessor-version":[{"id":11220,"href":"https:\/\/panoramadelsur.com.ar\/index.php?rest_route=\/wp\/v2\/posts\/11218\/revisions\/11220"}],"wp:featuredmedia":[{"embeddable":true,"href":"https:\/\/panoramadelsur.com.ar\/index.php?rest_route=\/wp\/v2\/media\/39574"}],"wp:attachment":[{"href":"https:\/\/panoramadelsur.com.ar\/index.php?rest_route=%2Fwp%2Fv2%2Fmedia&parent=11218"}],"wp:term":[{"taxonomy":"category","embeddable":true,"href":"https:\/\/panoramadelsur.com.ar\/index.php?rest_route=%2Fwp%2Fv2%2Fcategories&post=11218"},{"taxonomy":"post_tag","embeddable":true,"href":"https:\/\/panoramadelsur.com.ar\/index.php?rest_route=%2Fwp%2Fv2%2Ftags&post=11218"}],"curies":[{"name":"wp","href":"https:\/\/api.w.org\/{rel}","templated":true}]}}