{"id":11224,"date":"2021-10-04T01:01:00","date_gmt":"2021-10-04T04:01:00","guid":{"rendered":"http:\/\/panoramadelsur.com.ar\/?p=11224"},"modified":"2021-10-04T04:35:31","modified_gmt":"2021-10-04T07:35:31","slug":"mussi-recorrio-obras-en-el-pato-junto-a-funcionarios-de-desarrollo-agrario-bonaerense","status":"publish","type":"post","link":"https:\/\/panoramadelsur.com.ar\/?p=11224","title":{"rendered":"MUSSI RECORRI\u00d3 OBRAS EN EL PATO JUNTO A FUNCIONARIOS DE DESARROLLO AGRARIO BONAERENSE"},"content":{"rendered":"\n<p><strong>El intendente de Berazategui, Juan Jos\u00e9 Mussi; en compa\u00f1\u00eda del jefe de Gabinete del Ministerio de Desarrollo Agrario de la Provincia, Jonatan S\u00e1nchez; y del director de Agricultura Familiar, Ezequiel Wainer, recorri\u00f3 las obras de infraestructura correspondientes al Plan de Mejora de Caminos Rurales que se est\u00e1n realizando en la localidad de El Pato, con financiamiento del Gobierno bonaerense y mano de obra de las Secretar\u00edas de Trabajo y de Obras P\u00fablicas de la Municipalidad. El Intendente estuvo acompa\u00f1ado por el secretario de Cultura y Educaci\u00f3n, Federico L\u00f3pez.<\/strong><\/p>\n\n\n\n<p>Durante la visita al lugar, las autoridades tambi\u00e9n mantuvieron un encuentro con los productores agropecuarios beneficiados por las obras -agrupados en la Cooperativa 12 de Agosto-, adem\u00e1s de referentes de Mercado Vecino, el Instituto Nacional de Tecnolog\u00eda Agropecuaria (INTA), la Universidad Nacional Arturo Jauretche (UNAJ), el Programa Berazategui 2050 e instituciones locales.<\/p>\n\n\n\n<p>\u201cAvanza el Plan de Mejora de los Caminos Rurales. Con Federico L\u00f3pez, titular de la Secretar\u00eda de Cultura de la Municipalidad, recorr\u00ed los trabajos finalizados en calle 645 e\/ 530 y 537, y la obra que se est\u00e1 realizando sobre 537 hasta el predio de la Cooperativa 12 de Agosto\u201d, inform\u00f3 Mussi a trav\u00e9s de sus redes sociales, donde especific\u00f3 que \u201ceste proyecto contempla el reacondicionamiento de calles con aporte de suelo seleccionado (entoscado), la confecci\u00f3n de una carpeta de rodamiento de cascote y el saneamiento, desmalezamiento y reconstrucci\u00f3n de banquinas y cunetas\u201d.<\/p>\n\n\n\n<p>En este sentido, el Intendente resalt\u00f3 el acompa\u00f1amiento del Gobierno de la provincia de Buenos Aires. \u201cGracias gobernador Axel Kicillof, por seguir haciendo de Berazategui una mejor ciudad para nuestros vecinos y vecinas\u201d, resalt\u00f3.<\/p>\n\n\n\n<p>Por su parte, Jonatan S\u00e1nchez destac\u00f3: \u201cTrabajamos junto al Municipio dentro del Plan Provincia en Marcha, para la mejora de los caminos rurales. El objetivo es dar soluciones concretas a los productores de la zona. Para el sector de los productores esta es una pol\u00edtica invaluable, genera una enorme alegr\u00eda. Proyectamos continuar estas obras\u201d.<\/p>\n\n\n\n<p>Federico L\u00f3pez, en tanto, remarc\u00f3: \u201cBerazategui es el cord\u00f3n frutihort\u00edcola m\u00e1s fuerte de la Provincia y, mediante este Programa, se busca generar accesos de mejor calidad. En esta ocasi\u00f3n, 50 quinteros fueron beneficiados con una mejora en las condiciones de los caminos hacia sus quintas. Esta es una pol\u00edtica p\u00fablica que el Municipio viene fortaleciendo, en este caso junto al Gobierno bonaerense, con el fin de jerarquizar la zona agraria e incentivar la producci\u00f3n y la inversi\u00f3n\u201d.<br><br>\u201cEstoy muy contento con todo lo logrado\u201d, expres\u00f3 Sixto M\u00e9ndez, presidente de la Cooperativa 12 de Agosto. \u201cEste es un paso m\u00e1s para mejorar el tr\u00e1nsito y disponer de caminos en buenas condiciones. Estamos agradecidos con el Intendente, con la Delegaci\u00f3n de El Pato y con el Gobierno de la Provincia por el apoyo constante en beneficio de m\u00e1s de 50 quintas\u201d.<\/p>\n\n\n\n<p>Irma Bauche, delegada del Centro Agr\u00edcola El Pato, manifest\u00f3 su gratitud hacia el Gobierno de la provincia de Buenos Aires y el Municipio \u00abpor el importante apoyo econ\u00f3mico brindado\u00bb. \u00abEstas son mejoras muy importantes para los vecinos, ya que diariamente entran y salen del Centro Agr\u00edcola con sus transportes\u201d, agreg\u00f3.<\/p>\n\n\n\n<p><strong>Sobre el Plan de Mejora<br><\/strong><br>El proyecto tiene como objetivo gestionar la optimizaci\u00f3n de caminos y drenajes en las zonas afectadas a la producci\u00f3n agr\u00edcola, para mejorar la accesibilidad, evitar la anegaci\u00f3n de campos y la p\u00e9rdida de producci\u00f3n por cuestiones clim\u00e1ticas. El mejoramiento realizado en Berazategui abarca el tramo de la calle 645 entre 530 y 537, y desde 537 hasta el predio de la cooperativa de trabajo 12 de Agosto (actualmente en obra) de El Pato.<\/p>\n","protected":false},"excerpt":{"rendered":"<p>El intendente<\/p>\n","protected":false},"author":1,"featured_media":39574,"comment_status":"open","ping_status":"open","sticky":false,"template":"","format":"standard","meta":{"footnotes":""},"categories":[1,3],"tags":[],"class_list":["post-11224","post","type-post","status-publish","format-standard","has-post-thumbnail","hentry","category-destacados","category-regionales"],"_links":{"self":[{"href":"https:\/\/panoramadelsur.com.ar\/index.php?rest_route=\/wp\/v2\/posts\/11224","targetHints":{"allow":["GET"]}}],"collection":[{"href":"https:\/\/panoramadelsur.com.ar\/index.php?rest_route=\/wp\/v2\/posts"}],"about":[{"href":"https:\/\/panoramadelsur.com.ar\/index.php?rest_route=\/wp\/v2\/types\/post"}],"author":[{"embeddable":true,"href":"https:\/\/panoramadelsur.com.ar\/index.php?rest_route=\/wp\/v2\/users\/1"}],"replies":[{"embeddable":true,"href":"https:\/\/panoramadelsur.com.ar\/index.php?rest_route=%2Fwp%2Fv2%2Fcomments&post=11224"}],"version-history":[{"count":1,"href":"https:\/\/panoramadelsur.com.ar\/index.php?rest_route=\/wp\/v2\/posts\/11224\/revisions"}],"predecessor-version":[{"id":11226,"href":"https:\/\/panoramadelsur.com.ar\/index.php?rest_route=\/wp\/v2\/posts\/11224\/revisions\/11226"}],"wp:featuredmedia":[{"embeddable":true,"href":"https:\/\/panoramadelsur.com.ar\/index.php?rest_route=\/wp\/v2\/media\/39574"}],"wp:attachment":[{"href":"https:\/\/panoramadelsur.com.ar\/index.php?rest_route=%2Fwp%2Fv2%2Fmedia&parent=11224"}],"wp:term":[{"taxonomy":"category","embeddable":true,"href":"https:\/\/panoramadelsur.com.ar\/index.php?rest_route=%2Fwp%2Fv2%2Fcategories&post=11224"},{"taxonomy":"post_tag","embeddable":true,"href":"https:\/\/panoramadelsur.com.ar\/index.php?rest_route=%2Fwp%2Fv2%2Ftags&post=11224"}],"curies":[{"name":"wp","href":"https:\/\/api.w.org\/{rel}","templated":true}]}}