{"id":11262,"date":"2021-10-04T01:03:00","date_gmt":"2021-10-04T04:03:00","guid":{"rendered":"http:\/\/panoramadelsur.com.ar\/?p=11262"},"modified":"2021-10-04T10:48:42","modified_gmt":"2021-10-04T13:48:42","slug":"desarrollo-productivo-flexibiliza-los-requisitos-de-acceso-al-credito-a-tasa-cero-2021","status":"publish","type":"post","link":"https:\/\/panoramadelsur.com.ar\/?p=11262","title":{"rendered":"DESARROLLO PRODUCTIVO FLEXIBILIZA LOS REQUISITOS DE ACCESO AL CR\u00c9DITO A TASA CERO 2021"},"content":{"rendered":"\n<p>El Ministerio de Desarrollo Productivo flexibiliz\u00f3 los requisitos para acceder al programa Cr\u00e9dito a Tasa Cero 2021, para que una mayor cantidad de monotributistas pueda convertirse en beneficiarios, a trav\u00e9s de la resoluci\u00f3n 626\/2021, publicada hoy en el Bolet\u00edn Oficial.<\/p>\n\n\n\n<p>La misma determin\u00f3 que \u201catento al impacto alcanzado por el Programa y la demanda insatisfecha de los Cr\u00e9ditos a Tasa Cero 2021, resulta oportuno y conveniente implementar una medida tendiente a incrementar el espectro de solicitantes que podr\u00edan resultar beneficiarios\u201d.<\/p>\n\n\n\n<p>As\u00ed se dej\u00f3 sin efecto el requisito establecido en los casos de solicitantes que registran factura electr\u00f3nica, por sus operaciones de venta, locaci\u00f3n o prestaci\u00f3n de servicios, quienes pod\u00edan acceder al cr\u00e9dito cuando, considerando el promedio mensual de facturaci\u00f3n electr\u00f3nica del primer semestre de 2021, se verificaba que su facturaci\u00f3n no era superior a 1,2 veces del promedio mensual del l\u00edmite inferior de su categor\u00eda.<\/p>\n\n\n\n<p>Tambi\u00e9n se elimin\u00f3 la condici\u00f3n para aquellos que no registran factura electr\u00f3nica, quienes pod\u00edan acceder cuando ese mismo promedio \u2013que surg\u00eda de la facturaci\u00f3n electr\u00f3nica como compradores, prestatarios o locatarios- era inferior al 80% de la suma que resultaba de calcular 1,2 veces el promedio mensual del l\u00edmite inferior de facturaci\u00f3n de su categor\u00eda.<\/p>\n\n\n\n<p>En ambos casos, para los contribuyentes que se encontraban inscriptos en la categor\u00eda A, se tomaba como l\u00edmite la suma de $ 20.800.<\/p>\n\n\n\n<p>Por otra parte, se suprimi\u00f3 tambi\u00e9n el impedimento que reg\u00eda sobre los sujetos que prestaban servicios al sector p\u00fablico nacional, provincial o municipal.<\/p>\n\n\n\n<p>En tanto se incorpor\u00f3 como nuevo requisito que no ser\u00e1n elegibles los solicitantes que hubieran aumentado la categor\u00eda en la que se encuentren inscriptos en el R\u00e9gimen Simplificado para Peque\u00f1os Contribuyentes (RS) al momento de la solicitud, respecto de la categor\u00eda del solicitante vigente al 30 de junio de este a\u00f1o.<a href=\"javascript:void(0)\"><\/a><\/p>\n","protected":false},"excerpt":{"rendered":"<p>El Ministerio<\/p>\n","protected":false},"author":1,"featured_media":39574,"comment_status":"open","ping_status":"open","sticky":false,"template":"","format":"standard","meta":{"footnotes":""},"categories":[4,8],"tags":[],"class_list":["post-11262","post","type-post","status-publish","format-standard","has-post-thumbnail","hentry","category-nacionales","category-para-agendar"],"_links":{"self":[{"href":"https:\/\/panoramadelsur.com.ar\/index.php?rest_route=\/wp\/v2\/posts\/11262","targetHints":{"allow":["GET"]}}],"collection":[{"href":"https:\/\/panoramadelsur.com.ar\/index.php?rest_route=\/wp\/v2\/posts"}],"about":[{"href":"https:\/\/panoramadelsur.com.ar\/index.php?rest_route=\/wp\/v2\/types\/post"}],"author":[{"embeddable":true,"href":"https:\/\/panoramadelsur.com.ar\/index.php?rest_route=\/wp\/v2\/users\/1"}],"replies":[{"embeddable":true,"href":"https:\/\/panoramadelsur.com.ar\/index.php?rest_route=%2Fwp%2Fv2%2Fcomments&post=11262"}],"version-history":[{"count":1,"href":"https:\/\/panoramadelsur.com.ar\/index.php?rest_route=\/wp\/v2\/posts\/11262\/revisions"}],"predecessor-version":[{"id":11264,"href":"https:\/\/panoramadelsur.com.ar\/index.php?rest_route=\/wp\/v2\/posts\/11262\/revisions\/11264"}],"wp:featuredmedia":[{"embeddable":true,"href":"https:\/\/panoramadelsur.com.ar\/index.php?rest_route=\/wp\/v2\/media\/39574"}],"wp:attachment":[{"href":"https:\/\/panoramadelsur.com.ar\/index.php?rest_route=%2Fwp%2Fv2%2Fmedia&parent=11262"}],"wp:term":[{"taxonomy":"category","embeddable":true,"href":"https:\/\/panoramadelsur.com.ar\/index.php?rest_route=%2Fwp%2Fv2%2Fcategories&post=11262"},{"taxonomy":"post_tag","embeddable":true,"href":"https:\/\/panoramadelsur.com.ar\/index.php?rest_route=%2Fwp%2Fv2%2Ftags&post=11262"}],"curies":[{"name":"wp","href":"https:\/\/api.w.org\/{rel}","templated":true}]}}