{"id":11265,"date":"2021-10-04T01:03:00","date_gmt":"2021-10-04T04:03:00","guid":{"rendered":"http:\/\/panoramadelsur.com.ar\/?p=11265"},"modified":"2021-10-04T10:53:05","modified_gmt":"2021-10-04T13:53:05","slug":"el-puntero-talleres-en-estado-de-gracia-visita-a-defensa-en-florencio-varela","status":"publish","type":"post","link":"https:\/\/panoramadelsur.com.ar\/?p=11265","title":{"rendered":"EL PUNTERO TALLERES, EN ESTADO DE GRACIA, VISITA A DEFENSA EN FLORENCIO VARELA"},"content":{"rendered":"\n<p>Talleres de C\u00f3rdoba, puntero de la Liga Profesional del F\u00fatbol (LPF), visitar\u00e1 este lunes a Defensa y Justicia en Florencio Varela por la decimocuarta fecha con la intenci\u00f3n de extender su plet\u00f3rico presente.<\/p>\n\n\n\n<p>El partido en el estadio Norberto Tomaghello, que volver\u00e1 a recibir fan\u00e1ticos del \u00abHalc\u00f3n\u00bb, comenzar\u00e1 a las 18, ser\u00e1 arbitrado por Andr\u00e9s Merlos y televisado por el canal TNT Sports.<\/p>\n\n\n\n<p>El equipo del uruguayo Alexander Medina es la sensaci\u00f3n actual del f\u00fatbol argentino: lleva doce partidos invicto entre todas las competencias, acumula tres victoria en fila en la LPF, gan\u00f3 8 de los \u00faltimos 9 partidos y obtuvo esta semana su clasificaci\u00f3n a los cuartos de final de la Copa Argentina.<\/p>\n\n\n\n<p>Todo eso acompa\u00f1ado de un rendimiento futbol\u00edstico confiable a cargo de un equipo din\u00e1mico, agresivo y con actuaciones individuales de alto grado.<\/p>\n\n\n\n<p>Jugadas las primeras 13 jornadas, Talleres qued\u00f3 al frente del torneo con 29 unidades, dos por encima de River Plate, con s\u00f3lidas aspiraciones de pelear por el primer t\u00edtulo AFA de su historia.<\/p>\n\n\n\n<p>Defensa intentar\u00e1 cortar la buena racha del conjunto cordob\u00e9s, volver al triunfo despu\u00e9s de seis partidos y recuperarse de la pasada derrota con San Lorenzo, que dej\u00f3 al equipo en el 19no. puesto.<\/p>\n\n\n\n<p>Para el \u00abHalc\u00f3n\u00bb ser\u00e1 una jornada especial: ser\u00e1 la primera vez con sus hinchas desde de la conquista de la Copa Sudamericana y la Recopa, que marcaron el momento deportivo m\u00e1s glorioso en la historia de la instituci\u00f3n.<\/p>\n\n\n\n<p>El historial entre ambos por ligas de AFA registra dos victorias por lado en cuatro enfrentamientos. En las dos veces que jugaron en Varela la victoria qued\u00f3 en poder del local: 2-0 en la Superliga 2018\/19 y 4-1 en la Superliga 2019\/20.<\/p>\n\n\n\n<p>= Probables formaciones =<\/p>\n\n\n\n<p>Defensa y Justicia: Ezequiel Unsain; Franco Paredes, Nicol\u00e1s Tripichio, Adonis Fr\u00edas, Nazareno Colombo y Alexis Soto; Kevin Guti\u00e9rrez o Ra\u00fal Loaiza y Gabriel Hachen; Francisco Pizzini, Walter Bou y Carlos Rotondi. DT: Sebasti\u00e1n Beccacece.<\/p>\n\n\n\n<p>Talleres (C): Guido Herrera; Nahuel Tenaglia, Juan Cruz Komar, Rafael P\u00e9rez y \u00c1ngelo Martino; Juan M\u00e9ndez y Rodrigo Villagra; Diego Valoyes, Carlos Auzqui y H\u00e9ctor F\u00e9rtoli; Michael Santos. DT: Alexander Medina.<\/p>\n\n\n\n<p>\u00c1rbitro: Andr\u00e9s Merlos.<\/p>\n\n\n\n<p>Estadio: Defensa y Justicia.<\/p>\n\n\n\n<p>Hora de inicio: 18:00.<\/p>\n\n\n\n<p>TV: TNT Sports.<a href=\"javascript:void(0)\"><\/a><\/p>\n","protected":false},"excerpt":{"rendered":"<p>Talleres de<\/p>\n","protected":false},"author":1,"featured_media":39574,"comment_status":"open","ping_status":"open","sticky":false,"template":"","format":"standard","meta":{"footnotes":""},"categories":[6,10],"tags":[],"class_list":["post-11265","post","type-post","status-publish","format-standard","has-post-thumbnail","hentry","category-deportes","category-mas-noticias"],"_links":{"self":[{"href":"https:\/\/panoramadelsur.com.ar\/index.php?rest_route=\/wp\/v2\/posts\/11265","targetHints":{"allow":["GET"]}}],"collection":[{"href":"https:\/\/panoramadelsur.com.ar\/index.php?rest_route=\/wp\/v2\/posts"}],"about":[{"href":"https:\/\/panoramadelsur.com.ar\/index.php?rest_route=\/wp\/v2\/types\/post"}],"author":[{"embeddable":true,"href":"https:\/\/panoramadelsur.com.ar\/index.php?rest_route=\/wp\/v2\/users\/1"}],"replies":[{"embeddable":true,"href":"https:\/\/panoramadelsur.com.ar\/index.php?rest_route=%2Fwp%2Fv2%2Fcomments&post=11265"}],"version-history":[{"count":1,"href":"https:\/\/panoramadelsur.com.ar\/index.php?rest_route=\/wp\/v2\/posts\/11265\/revisions"}],"predecessor-version":[{"id":11267,"href":"https:\/\/panoramadelsur.com.ar\/index.php?rest_route=\/wp\/v2\/posts\/11265\/revisions\/11267"}],"wp:featuredmedia":[{"embeddable":true,"href":"https:\/\/panoramadelsur.com.ar\/index.php?rest_route=\/wp\/v2\/media\/39574"}],"wp:attachment":[{"href":"https:\/\/panoramadelsur.com.ar\/index.php?rest_route=%2Fwp%2Fv2%2Fmedia&parent=11265"}],"wp:term":[{"taxonomy":"category","embeddable":true,"href":"https:\/\/panoramadelsur.com.ar\/index.php?rest_route=%2Fwp%2Fv2%2Fcategories&post=11265"},{"taxonomy":"post_tag","embeddable":true,"href":"https:\/\/panoramadelsur.com.ar\/index.php?rest_route=%2Fwp%2Fv2%2Ftags&post=11265"}],"curies":[{"name":"wp","href":"https:\/\/api.w.org\/{rel}","templated":true}]}}