{"id":1240,"date":"2021-03-05T01:05:00","date_gmt":"2021-03-05T01:05:00","guid":{"rendered":"http:\/\/panoramadelsur.com.ar\/?p=1240"},"modified":"2021-03-04T17:15:29","modified_gmt":"2021-03-04T17:15:29","slug":"afirman-que-el-plan-de-obra-publica-bonaerense-generara-100-000-empleos-anuales","status":"publish","type":"post","link":"https:\/\/panoramadelsur.com.ar\/?p=1240","title":{"rendered":"Afirman que el plan de obra p\u00fablica bonaerense generar\u00e1 100.000 empleos anuales"},"content":{"rendered":"\n<p class=\"wp-block-paragraph\">El ministro de Infraestructura y Servicios P\u00fablicos bonaerense, Agust\u00edn Simone, afirm\u00f3 que el Plan Estrat\u00e9gico de obras p\u00fablicas, que encar\u00f3 el Gobierno provincial, generar\u00e1 unos \u00ab100.000 puestos de trabajo por a\u00f1o\u00bb.<\/p>\n\n\n\n<p class=\"wp-block-paragraph\">En declaraciones a radio Provincia, el funcionario bonaerense afirm\u00f3 que entre los ejes del a\u00f1o 2021 \u00abest\u00e1 contemplado el desarrollo de lo que entendemos es la infraestructura para los primeros cinco a\u00f1os\u00bb, y especific\u00f3 que se trata \u00abde 200.000 millones de pesos por a\u00f1o\u00bb.<\/p>\n\n\n\n<p class=\"wp-block-paragraph\">Simone agreg\u00f3 que \u00abcalcular empleo es dif\u00edcil, pero no va a bajar de los 100.000 por a\u00f1o. Para m\u00ed va a ser bastante m\u00e1s\u00bb, estim\u00f3,<\/p>\n\n\n\n<p class=\"wp-block-paragraph\">En ese sentido, afirm\u00f3 que el foco estar\u00e1 puesto en \u00abla urgencia de las obras y contar con los proyectos ejecutivos. Eso nos va a permitir tener los proyectos de los pr\u00f3ximos a\u00f1os porque no es solamente contratar o licitar\u00bb.<\/p>\n\n\n\n<p class=\"wp-block-paragraph\">Por otro lado, reconoci\u00f3 que en el pa\u00eds existe un gran problema habitacional, y se\u00f1al\u00f3 que \u00abviviendas es otra de las cosas que identificamos como una necesidad, como ya lo dijo el gobernador (Axel Kicillof)\u00bb.<\/p>\n\n\n\n<p class=\"wp-block-paragraph\">Adem\u00e1s, puntualiz\u00f3 que \u00aben el gobierno de Mauricio Macri se pensaba que la cuesti\u00f3n de las viviendas las deb\u00edan resolver los privados. As\u00ed subi\u00f3 el valor de la tierra y la construcci\u00f3n. Es m\u00e1s dif\u00edcil construir hoy que cuando se fue Cristina Fern\u00e1ndez\u00bb.<\/p>\n\n\n\n<p class=\"wp-block-paragraph\">Por \u00faltimo, aludi\u00f3 al tema de la desdolarizaci\u00f3n de las tarifas, sobre lo cual precis\u00f3 que \u00e9stas \u00abtienen que ser pagables, no puede ser que ahoguen a la gente\u00bb.<\/p>\n\n\n\n<p class=\"wp-block-paragraph\">\u00abAdem\u00e1s hay que controlar las inversiones de las empresas. Los aumentos de los a\u00f1os previos coincidieron con fuga de capitales\u00bb, concluy\u00f3.<\/p>\n","protected":false},"excerpt":{"rendered":"<p>El ministro<\/p>\n","protected":false},"author":1,"featured_media":39574,"comment_status":"open","ping_status":"open","sticky":false,"template":"","format":"standard","meta":{"footnotes":""},"categories":[5],"tags":[],"class_list":["post-1240","post","type-post","status-publish","format-standard","has-post-thumbnail","hentry","category-provincia"],"_links":{"self":[{"href":"https:\/\/panoramadelsur.com.ar\/index.php?rest_route=\/wp\/v2\/posts\/1240","targetHints":{"allow":["GET"]}}],"collection":[{"href":"https:\/\/panoramadelsur.com.ar\/index.php?rest_route=\/wp\/v2\/posts"}],"about":[{"href":"https:\/\/panoramadelsur.com.ar\/index.php?rest_route=\/wp\/v2\/types\/post"}],"author":[{"embeddable":true,"href":"https:\/\/panoramadelsur.com.ar\/index.php?rest_route=\/wp\/v2\/users\/1"}],"replies":[{"embeddable":true,"href":"https:\/\/panoramadelsur.com.ar\/index.php?rest_route=%2Fwp%2Fv2%2Fcomments&post=1240"}],"version-history":[{"count":1,"href":"https:\/\/panoramadelsur.com.ar\/index.php?rest_route=\/wp\/v2\/posts\/1240\/revisions"}],"predecessor-version":[{"id":1242,"href":"https:\/\/panoramadelsur.com.ar\/index.php?rest_route=\/wp\/v2\/posts\/1240\/revisions\/1242"}],"wp:featuredmedia":[{"embeddable":true,"href":"https:\/\/panoramadelsur.com.ar\/index.php?rest_route=\/wp\/v2\/media\/39574"}],"wp:attachment":[{"href":"https:\/\/panoramadelsur.com.ar\/index.php?rest_route=%2Fwp%2Fv2%2Fmedia&parent=1240"}],"wp:term":[{"taxonomy":"category","embeddable":true,"href":"https:\/\/panoramadelsur.com.ar\/index.php?rest_route=%2Fwp%2Fv2%2Fcategories&post=1240"},{"taxonomy":"post_tag","embeddable":true,"href":"https:\/\/panoramadelsur.com.ar\/index.php?rest_route=%2Fwp%2Fv2%2Ftags&post=1240"}],"curies":[{"name":"wp","href":"https:\/\/api.w.org\/{rel}","templated":true}]}}