{"id":13010,"date":"2021-11-18T01:07:00","date_gmt":"2021-11-18T04:07:00","guid":{"rendered":"http:\/\/panoramadelsur.com.ar\/?p=13010"},"modified":"2021-11-17T21:55:26","modified_gmt":"2021-11-18T00:55:26","slug":"el-consumo-de-servicios-publicos-crecio-en-agosto-102-interanual","status":"publish","type":"post","link":"https:\/\/panoramadelsur.com.ar\/?p=13010","title":{"rendered":"EL CONSUMO DE SERVICIOS P\u00daBLICOS CRECI\u00d3 EN AGOSTO 10,2% INTERANUAL"},"content":{"rendered":"\n<p class=\"wp-block-paragraph\">El consumo de servicios p\u00fablicos creci\u00f3 durante agosto 10,2% en relaci\u00f3n a igual mes del a\u00f1o pasado, inform\u00f3 el Instituto Nacional de Estad\u00edstica y Censos (Indec)<\/p>\n\n\n\n<p class=\"wp-block-paragraph\">Adem\u00e1s, el uso de estos servicios durante agosto se ubic\u00f3 1% por encima de la medici\u00f3n de julio.<\/p>\n\n\n\n<p class=\"wp-block-paragraph\">En agosto, la demanda de energ\u00eda el\u00e9ctrica, gas y agua registr\u00f3 un crecimiento interanual de 9,2%; y la recolecci\u00f3n de residuos tuvo un aumento de 7,3%.<\/p>\n\n\n\n<p class=\"wp-block-paragraph\">Por su parte, el transporte de pasajeros y de carga aumentaron 286,7% y 21,4%, respectivamente; y los veh\u00edculos pasantes pagos por peajes ascendieron un 72,5%. Asimismo, el servicio de correo postal se contrajo 4,7%; mientras que el sector de telefon\u00eda registr\u00f3 una variaci\u00f3n positiva de 1,8%<\/p>\n\n\n\n<p class=\"wp-block-paragraph\">En t\u00e9rminos desestacionalizados, en agosto de 2021 respecto de julio de 2021, se observa que la demanda de energ\u00eda el\u00e9ctrica, gas y agua registr\u00f3 una suba de 1,3%; la recolecci\u00f3n de residuos se contrajo 0,2%; el transporte de pasajeros y el transporte de carga aumentaron 13,8% y 3,5%, respectivamente; los veh\u00edculos pasantes pagos por peajes mostraron un aumento del 0,6%.<\/p>\n\n\n\n<p class=\"wp-block-paragraph\">Adem\u00e1s, el servicio de correos registr\u00f3 una baja del 0,4;% y, finalmente, la telefon\u00eda tuvo una variaci\u00f3n negativa de 0,1%.<\/p>\n","protected":false},"excerpt":{"rendered":"<p>El consumo<\/p>\n","protected":false},"author":1,"featured_media":39574,"comment_status":"open","ping_status":"open","sticky":false,"template":"","format":"standard","meta":{"footnotes":""},"categories":[4],"tags":[],"class_list":["post-13010","post","type-post","status-publish","format-standard","has-post-thumbnail","hentry","category-nacionales"],"_links":{"self":[{"href":"https:\/\/panoramadelsur.com.ar\/index.php?rest_route=\/wp\/v2\/posts\/13010","targetHints":{"allow":["GET"]}}],"collection":[{"href":"https:\/\/panoramadelsur.com.ar\/index.php?rest_route=\/wp\/v2\/posts"}],"about":[{"href":"https:\/\/panoramadelsur.com.ar\/index.php?rest_route=\/wp\/v2\/types\/post"}],"author":[{"embeddable":true,"href":"https:\/\/panoramadelsur.com.ar\/index.php?rest_route=\/wp\/v2\/users\/1"}],"replies":[{"embeddable":true,"href":"https:\/\/panoramadelsur.com.ar\/index.php?rest_route=%2Fwp%2Fv2%2Fcomments&post=13010"}],"version-history":[{"count":1,"href":"https:\/\/panoramadelsur.com.ar\/index.php?rest_route=\/wp\/v2\/posts\/13010\/revisions"}],"predecessor-version":[{"id":13012,"href":"https:\/\/panoramadelsur.com.ar\/index.php?rest_route=\/wp\/v2\/posts\/13010\/revisions\/13012"}],"wp:featuredmedia":[{"embeddable":true,"href":"https:\/\/panoramadelsur.com.ar\/index.php?rest_route=\/wp\/v2\/media\/39574"}],"wp:attachment":[{"href":"https:\/\/panoramadelsur.com.ar\/index.php?rest_route=%2Fwp%2Fv2%2Fmedia&parent=13010"}],"wp:term":[{"taxonomy":"category","embeddable":true,"href":"https:\/\/panoramadelsur.com.ar\/index.php?rest_route=%2Fwp%2Fv2%2Fcategories&post=13010"},{"taxonomy":"post_tag","embeddable":true,"href":"https:\/\/panoramadelsur.com.ar\/index.php?rest_route=%2Fwp%2Fv2%2Ftags&post=13010"}],"curies":[{"name":"wp","href":"https:\/\/api.w.org\/{rel}","templated":true}]}}