{"id":13025,"date":"2021-11-22T01:03:00","date_gmt":"2021-11-22T04:03:00","guid":{"rendered":"http:\/\/panoramadelsur.com.ar\/?p=13025"},"modified":"2021-11-18T00:20:00","modified_gmt":"2021-11-18T03:20:00","slug":"berazategui-se-suma-a-la-semana-del-prematuro-con-actividades-presenciales","status":"publish","type":"post","link":"https:\/\/panoramadelsur.com.ar\/?p=13025","title":{"rendered":"BERAZATEGUI SE SUMA A LA SEMANA DEL PREMATURO CON ACTIVIDADES PRESENCIALES"},"content":{"rendered":"\n<p>La Municipalidad de Berazategui -a trav\u00e9s de las Secretar\u00edas de Salud P\u00fablica e Higiene (a cargo del Dr. Pablo Costa) y de Cultura y Educaci\u00f3n (dirigida por Federico L\u00f3pez)- se suma una vez m\u00e1s a la Semana del Prematuro, una iniciativa que cada a\u00f1o impulsa UNICEF (el Fondo de las Naciones Unidas para la Infancia) para concientizar a la ciudadan\u00eda sobre los derechos de los beb\u00e9s nacidos antes de t\u00e9rmino y, de esta forma, garantizar su cumplimiento. Este a\u00f1o se realizar\u00e1 una Jornada Integral de Salud abierta y gratuita, el mi\u00e9rcoles 24 de noviembre de 10.00 a 13.00, en el play\u00f3n c\u00edvico del Edificio Municipal (Av. 14 e\/131 y 131 A).<\/p>\n\n\n\n<p>Bajo el lema Detectar para Prevenir, durante la semana del 15 al 21 de este mes, el personal municipal de Salud -especialista en la tem\u00e1tica- estar\u00e1 dando consejos e informaci\u00f3n a padres y madres de ni\u00f1os prematuros a trav\u00e9s de las redes sociales de la Municipalidad de Berazategui (Facebook, Twitter e Instagram).<\/p>\n\n\n\n<p>Se recuerda a los vecinos y vecinas que la Municipalidad de Berazategui, a trav\u00e9s del Programa de Asesoramiento de la Direcci\u00f3n de Materno Infantil, trabaja durante todo el a\u00f1o con aquellas familias que tienen beb\u00e9s con mayor riesgo perinatal, ya sea porque tuvieron un curso neonatal complejo o porque son prematuros.<\/p>\n","protected":false},"excerpt":{"rendered":"<p>La Municipalidad<\/p>\n","protected":false},"author":1,"featured_media":39574,"comment_status":"open","ping_status":"open","sticky":false,"template":"","format":"standard","meta":{"footnotes":""},"categories":[8,3],"tags":[],"class_list":["post-13025","post","type-post","status-publish","format-standard","has-post-thumbnail","hentry","category-para-agendar","category-regionales"],"_links":{"self":[{"href":"https:\/\/panoramadelsur.com.ar\/index.php?rest_route=\/wp\/v2\/posts\/13025","targetHints":{"allow":["GET"]}}],"collection":[{"href":"https:\/\/panoramadelsur.com.ar\/index.php?rest_route=\/wp\/v2\/posts"}],"about":[{"href":"https:\/\/panoramadelsur.com.ar\/index.php?rest_route=\/wp\/v2\/types\/post"}],"author":[{"embeddable":true,"href":"https:\/\/panoramadelsur.com.ar\/index.php?rest_route=\/wp\/v2\/users\/1"}],"replies":[{"embeddable":true,"href":"https:\/\/panoramadelsur.com.ar\/index.php?rest_route=%2Fwp%2Fv2%2Fcomments&post=13025"}],"version-history":[{"count":1,"href":"https:\/\/panoramadelsur.com.ar\/index.php?rest_route=\/wp\/v2\/posts\/13025\/revisions"}],"predecessor-version":[{"id":13027,"href":"https:\/\/panoramadelsur.com.ar\/index.php?rest_route=\/wp\/v2\/posts\/13025\/revisions\/13027"}],"wp:featuredmedia":[{"embeddable":true,"href":"https:\/\/panoramadelsur.com.ar\/index.php?rest_route=\/wp\/v2\/media\/39574"}],"wp:attachment":[{"href":"https:\/\/panoramadelsur.com.ar\/index.php?rest_route=%2Fwp%2Fv2%2Fmedia&parent=13025"}],"wp:term":[{"taxonomy":"category","embeddable":true,"href":"https:\/\/panoramadelsur.com.ar\/index.php?rest_route=%2Fwp%2Fv2%2Fcategories&post=13025"},{"taxonomy":"post_tag","embeddable":true,"href":"https:\/\/panoramadelsur.com.ar\/index.php?rest_route=%2Fwp%2Fv2%2Ftags&post=13025"}],"curies":[{"name":"wp","href":"https:\/\/api.w.org\/{rel}","templated":true}]}}