{"id":13028,"date":"2021-11-18T01:10:00","date_gmt":"2021-11-18T04:10:00","guid":{"rendered":"http:\/\/panoramadelsur.com.ar\/?p=13028"},"modified":"2021-11-17T23:00:55","modified_gmt":"2021-11-18T02:00:55","slug":"se-creo-la-direccion-de-enfermeria-en-el-hospital-oller","status":"publish","type":"post","link":"https:\/\/panoramadelsur.com.ar\/?p=13028","title":{"rendered":"SE CRE\u00d3 LA DIRECCI\u00d3N DE ENFERMER\u00cdA EN EL HOSPITAL OLLER"},"content":{"rendered":"\n<p class=\"wp-block-paragraph\">El Municipio de Quilmes informa que, mediante un decreto municipal de la intendenta Mayra Mendoza, se cre\u00f3 la Direcci\u00f3n de Enfermer\u00eda en el Hospital Dr. Eduardo Oller, situado en la avenida 844 N\u00ba 2100, de San Francisco Solano.<\/p>\n\n\n\n<p class=\"wp-block-paragraph\">\u201cRepresenta un reconocimiento a la enorme tarea que efect\u00faa la enfermer\u00eda en general y en particular en el hospital de Solano. De esta manera se la pone en nivel de igualdad con la Direcci\u00f3n M\u00e9dica, terminando con el paradigma m\u00e9dico hegem\u00f3nico, donde la enfermer\u00eda quedaba subordinada a los m\u00e9dicos o a la medicina. Con ese nuevo organigrama queda claro cu\u00e1l es la valoraci\u00f3n que tiene la gesti\u00f3n sanitaria y municipal respecto a la Enfermer\u00eda\u201d, sostuvo el secretario de Salud de Quilmes, doctor Jonatan Konfino.<\/p>\n\n\n\n<p class=\"wp-block-paragraph\">Cabe destacar la importancia simb\u00f3lica de este hecho, ya que reconoce el trabajo de las enfermeras, que hist\u00f3ricamente estuvieron subordinadas a la Direcci\u00f3n M\u00e9dica. Adem\u00e1s, pocos hospitales cuentan con dicha \u00e1rea que a partir de ahora estar\u00e1 funcionando en el hospital de Solano, siendo el Hospital El Cruce &#8211; N\u00e9stor Kirchner de Florencio Varela, uno de los pocos casos en la zona.<\/p>\n\n\n\n<p class=\"wp-block-paragraph\">En esta l\u00ednea el Hospital Oller, cuenta actualmente con 123 enfermeras, habiendo incorporado 39 en dos a\u00f1os de la actual gesti\u00f3n, teniendo un rol destacado en el abordaje de la pandemia. Adem\u00e1s, en el organigrama de la instituci\u00f3n se modific\u00f3 la denominaci\u00f3n de otras tres Direcciones, para darles una perspectiva m\u00e1s integral y clara al trabajo de cada una de las \u00e1reas. Estas son: la Direcci\u00f3n de Enfermer\u00eda, Direcci\u00f3n M\u00e9dica y de Cuidados Asistenciales, y la Direcci\u00f3n de Gesti\u00f3n de la Fuerza Laboral.<\/p>\n\n\n\n<p class=\"wp-block-paragraph\">Entre las mejoras que tuvo la instituci\u00f3n desde el inicio de la administraci\u00f3n de Mayra Mendoza, se destaca la creaci\u00f3n de un servicio de Cl\u00ednica M\u00e9dica el a\u00f1o pasado; la implementaci\u00f3n de cirug\u00edas laparosc\u00f3picas; la mejora de las salas de parto y preparto; los consultorios de salud sexual y diversidades, y la incorporaci\u00f3n de camas de Terapia Intensiva, a trav\u00e9s de lo cual se lleg\u00f3 al doble de camas en comparaci\u00f3n con 2019.<\/p>\n\n\n\n<p class=\"wp-block-paragraph\">En ese marco de crecimiento y de creciente trabajo en la soluci\u00f3n de las necesidades del pueblo solanense, tambi\u00e9n se informa el cambio de denominaci\u00f3n del Hospital Materno Infantil Dr. Eduardo Oller, al actualmente Hospital Oller.<\/p>\n","protected":false},"excerpt":{"rendered":"<p>El Municipio<\/p>\n","protected":false},"author":1,"featured_media":39574,"comment_status":"open","ping_status":"open","sticky":false,"template":"","format":"standard","meta":{"footnotes":""},"categories":[2],"tags":[],"class_list":["post-13028","post","type-post","status-publish","format-standard","has-post-thumbnail","hentry","category-quilmes"],"_links":{"self":[{"href":"https:\/\/panoramadelsur.com.ar\/index.php?rest_route=\/wp\/v2\/posts\/13028","targetHints":{"allow":["GET"]}}],"collection":[{"href":"https:\/\/panoramadelsur.com.ar\/index.php?rest_route=\/wp\/v2\/posts"}],"about":[{"href":"https:\/\/panoramadelsur.com.ar\/index.php?rest_route=\/wp\/v2\/types\/post"}],"author":[{"embeddable":true,"href":"https:\/\/panoramadelsur.com.ar\/index.php?rest_route=\/wp\/v2\/users\/1"}],"replies":[{"embeddable":true,"href":"https:\/\/panoramadelsur.com.ar\/index.php?rest_route=%2Fwp%2Fv2%2Fcomments&post=13028"}],"version-history":[{"count":1,"href":"https:\/\/panoramadelsur.com.ar\/index.php?rest_route=\/wp\/v2\/posts\/13028\/revisions"}],"predecessor-version":[{"id":13030,"href":"https:\/\/panoramadelsur.com.ar\/index.php?rest_route=\/wp\/v2\/posts\/13028\/revisions\/13030"}],"wp:featuredmedia":[{"embeddable":true,"href":"https:\/\/panoramadelsur.com.ar\/index.php?rest_route=\/wp\/v2\/media\/39574"}],"wp:attachment":[{"href":"https:\/\/panoramadelsur.com.ar\/index.php?rest_route=%2Fwp%2Fv2%2Fmedia&parent=13028"}],"wp:term":[{"taxonomy":"category","embeddable":true,"href":"https:\/\/panoramadelsur.com.ar\/index.php?rest_route=%2Fwp%2Fv2%2Fcategories&post=13028"},{"taxonomy":"post_tag","embeddable":true,"href":"https:\/\/panoramadelsur.com.ar\/index.php?rest_route=%2Fwp%2Fv2%2Ftags&post=13028"}],"curies":[{"name":"wp","href":"https:\/\/api.w.org\/{rel}","templated":true}]}}