{"id":13034,"date":"2021-11-18T01:09:00","date_gmt":"2021-11-18T04:09:00","guid":{"rendered":"http:\/\/panoramadelsur.com.ar\/?p=13034"},"modified":"2021-11-17T23:43:16","modified_gmt":"2021-11-18T02:43:16","slug":"mayra-mendoza-visito-las-nuevas-oficinas-del-centro-municipal-de-produccion-y-trabajo-de-quilmes","status":"publish","type":"post","link":"https:\/\/panoramadelsur.com.ar\/?p=13034","title":{"rendered":"MAYRA MENDOZA VISIT\u00d3 LAS NUEVAS OFICINAS DEL CENTRO MUNICIPAL DE PRODUCCI\u00d3N Y TRABAJO DE QUILMES"},"content":{"rendered":"\n<p class=\"wp-block-paragraph\">La intendenta de Quilmes, Mayra Mendoza, visit\u00f3 el mi\u00e9rcoles las nuevas oficinas del Centro Municipal de Producci\u00f3n y Trabajo, ubicadas en la intersecci\u00f3n de las calles Humberto Primo y San Mart\u00edn, en el centro de Quilmes, que se encuentra operativo en el horario de 8 a 14, y est\u00e1 dirigido a quienes est\u00e9n realizando una b\u00fasqueda laboral o un emprendimiento.<\/p>\n\n\n\n<p class=\"wp-block-paragraph\">\u201cVisitamos las nuevas oficinas del Centro Municipal de Producci\u00f3n y Trabajo del Municipio de Quilmes para charlar con sus trabajadores y trabajadoras. Gracias por el compromiso que tienen para impulsar el crecimiento del empleo quilme\u00f1o\u201d, expres\u00f3 Mayra, quien luego salud\u00f3 a los trabajadores, recorri\u00f3 las instalaciones del lugar y mantuvo una reuni\u00f3n de trabajo con distintos funcionarios municipales.<\/p>\n\n\n\n<p class=\"wp-block-paragraph\">Por su parte, el subsecretario de Producci\u00f3n y Empleo, Paul O&#8217;Shanghnessy, destac\u00f3: \u201cEl propulsor inicial de la mudanza tiene que ver con las condiciones laborales y sanitarias del personal del Municipio, y tambi\u00e9n de infraestructura; estamos muy contentos de dar nuestro grano de arena para dignificar el trabajo del empleado municipal\u201d.<\/p>\n\n\n\n<p class=\"wp-block-paragraph\">De esta manera, la nueva oficina, que reemplazar\u00e1 a la que funcionaba en Gran Canaria 1279, acompa\u00f1ar\u00e1 los distintos programas productivos nacionales; tambi\u00e9n al Punto Pyme, que tiene que ver con la recepci\u00f3n de todo el empresariado, con el acceso a cr\u00e9dito, subsidio, toma de personal; al Punto Emprende, que tiene relaci\u00f3n con los emprendedores; un puesto de Oficina Alas, que es de monotributo social, y toda la interacci\u00f3n con los centros de formaci\u00f3n profesional a nivel municipal.<\/p>\n\n\n\n<p class=\"wp-block-paragraph\">Fueron parte de la actividad: el secretario de Desarrollo Econ\u00f3mico Sustentable, Mario Lozano; la directora de Desarrollo Pyme, Agustina Mattera; el director general de Trabajo y Formaci\u00f3n Laboral, Franco Montali, y la directora de Formaci\u00f3n e Intermediaci\u00f3n Laboral, Anah\u00ed Monz\u00f3n.<\/p>\n","protected":false},"excerpt":{"rendered":"<p>La intendenta<\/p>\n","protected":false},"author":1,"featured_media":39574,"comment_status":"open","ping_status":"open","sticky":false,"template":"","format":"standard","meta":{"footnotes":""},"categories":[2],"tags":[],"class_list":["post-13034","post","type-post","status-publish","format-standard","has-post-thumbnail","hentry","category-quilmes"],"_links":{"self":[{"href":"https:\/\/panoramadelsur.com.ar\/index.php?rest_route=\/wp\/v2\/posts\/13034","targetHints":{"allow":["GET"]}}],"collection":[{"href":"https:\/\/panoramadelsur.com.ar\/index.php?rest_route=\/wp\/v2\/posts"}],"about":[{"href":"https:\/\/panoramadelsur.com.ar\/index.php?rest_route=\/wp\/v2\/types\/post"}],"author":[{"embeddable":true,"href":"https:\/\/panoramadelsur.com.ar\/index.php?rest_route=\/wp\/v2\/users\/1"}],"replies":[{"embeddable":true,"href":"https:\/\/panoramadelsur.com.ar\/index.php?rest_route=%2Fwp%2Fv2%2Fcomments&post=13034"}],"version-history":[{"count":1,"href":"https:\/\/panoramadelsur.com.ar\/index.php?rest_route=\/wp\/v2\/posts\/13034\/revisions"}],"predecessor-version":[{"id":13036,"href":"https:\/\/panoramadelsur.com.ar\/index.php?rest_route=\/wp\/v2\/posts\/13034\/revisions\/13036"}],"wp:featuredmedia":[{"embeddable":true,"href":"https:\/\/panoramadelsur.com.ar\/index.php?rest_route=\/wp\/v2\/media\/39574"}],"wp:attachment":[{"href":"https:\/\/panoramadelsur.com.ar\/index.php?rest_route=%2Fwp%2Fv2%2Fmedia&parent=13034"}],"wp:term":[{"taxonomy":"category","embeddable":true,"href":"https:\/\/panoramadelsur.com.ar\/index.php?rest_route=%2Fwp%2Fv2%2Fcategories&post=13034"},{"taxonomy":"post_tag","embeddable":true,"href":"https:\/\/panoramadelsur.com.ar\/index.php?rest_route=%2Fwp%2Fv2%2Ftags&post=13034"}],"curies":[{"name":"wp","href":"https:\/\/api.w.org\/{rel}","templated":true}]}}