{"id":13037,"date":"2021-11-18T01:08:00","date_gmt":"2021-11-18T04:08:00","guid":{"rendered":"http:\/\/panoramadelsur.com.ar\/?p=13037"},"modified":"2021-11-18T00:20:44","modified_gmt":"2021-11-18T03:20:44","slug":"juegos-bonaerenses-participacion-exitosa-de-berazategui-en-las-disciplinas-artisticas","status":"publish","type":"post","link":"https:\/\/panoramadelsur.com.ar\/?p=13037","title":{"rendered":"JUEGOS BONAERENSES: PARTICIPACI\u00d3N EXITOSA DE BERAZATEGUI EN LAS DISCIPLINAS ART\u00cdSTICAS"},"content":{"rendered":"\n<p class=\"wp-block-paragraph\"><strong>Berazategui finaliz\u00f3 su participaci\u00f3n en la etapa final juvenil de los Juegos Bonaerenses 2021 con destacadas intervenciones. El intendente municipal, Juan Jos\u00e9 Mussi, asisti\u00f3 a Mar del Plata para alentar a los berazateguenses, en un tradicional evento que en esta edici\u00f3n sum\u00f3 nuevas competencias art\u00edsticas. Asimismo, las disciplinas virtuales culturales contaron con una final presencial. Una de ellas fue el Stand Up, donde la representante del distrito gan\u00f3 el Bronce.<\/strong><\/p>\n\n\n\n<p class=\"wp-block-paragraph\">El Jefe Comunal estuvo acompa\u00f1ado por la titular de la Secretar\u00eda Privada, Mar\u00eda Del Carmen Flores; y los secretarios de Desarrollo Social y Comunitario, Mar\u00eda Laura Lacava; y de Gobierno, Antonio Amarilla.<\/p>\n\n\n\n<p class=\"wp-block-paragraph\">A lo largo de la competencia, el \u00e1rea de Cultura obtuvo una presea de Bronce, en stand up, de la mano de la berazateguense Juana Del Castillo.<\/p>\n\n\n\n<p class=\"wp-block-paragraph\">Berazategui fue uno de los 135 distritos cuyos atletas y artistas pudieron participar en las finales y uno de los 14 municipios cuyos representantes asistieron a Mar del Plata para el cierre presencial. Asistieron 116 berazateguenses -entre deportistas, t\u00e9cnicos y delegados- que compitieron en 23 diferentes disciplinas culturales (3) y deportivas (20).<\/p>\n\n\n\n<p class=\"wp-block-paragraph\">Este a\u00f1o, debido al contexto de pandemia por COVID-19, algunas disciplinas se desarrollaron a distancia. Berazategui tambi\u00e9n obtuvo medallas en la modalidad virtual en las siguientes competiciones culturales: Oro en fotograf\u00eda juvenil libre (Nataly Barrientos), Plata en danza folcl\u00f3rica libre para personas con discapacidad (Cristina Noem\u00ed Ch\u00e1vez y Fernando Salcedo), Plata en videominuto universitario libre (Milagros Abril Alberich), Plata en cuento adultos mayores libre (Silvia Liliana Izurieta) y Bronce en cuento sub 18 libre (Victoria Borzi).<\/p>\n\n\n\n<p class=\"wp-block-paragraph\">Los juegos son organizados por la Subsecretar\u00eda de Deportes del Ministerio de Desarrollo de la Comunidad que actualmente conduce Andr\u00e9s Larroque, en articulaci\u00f3n con la Subsecretar\u00eda de Promoci\u00f3n Sociocultural del Ministerio de Producci\u00f3n, Ciencia e Innovaci\u00f3n Tecnol\u00f3gica de la provincia de Buenos Aires.<\/p>\n","protected":false},"excerpt":{"rendered":"<p>Berazategui finaliz\u00f3<\/p>\n","protected":false},"author":1,"featured_media":39574,"comment_status":"open","ping_status":"open","sticky":false,"template":"","format":"standard","meta":{"footnotes":""},"categories":[3],"tags":[],"class_list":["post-13037","post","type-post","status-publish","format-standard","has-post-thumbnail","hentry","category-regionales"],"_links":{"self":[{"href":"https:\/\/panoramadelsur.com.ar\/index.php?rest_route=\/wp\/v2\/posts\/13037","targetHints":{"allow":["GET"]}}],"collection":[{"href":"https:\/\/panoramadelsur.com.ar\/index.php?rest_route=\/wp\/v2\/posts"}],"about":[{"href":"https:\/\/panoramadelsur.com.ar\/index.php?rest_route=\/wp\/v2\/types\/post"}],"author":[{"embeddable":true,"href":"https:\/\/panoramadelsur.com.ar\/index.php?rest_route=\/wp\/v2\/users\/1"}],"replies":[{"embeddable":true,"href":"https:\/\/panoramadelsur.com.ar\/index.php?rest_route=%2Fwp%2Fv2%2Fcomments&post=13037"}],"version-history":[{"count":1,"href":"https:\/\/panoramadelsur.com.ar\/index.php?rest_route=\/wp\/v2\/posts\/13037\/revisions"}],"predecessor-version":[{"id":13039,"href":"https:\/\/panoramadelsur.com.ar\/index.php?rest_route=\/wp\/v2\/posts\/13037\/revisions\/13039"}],"wp:featuredmedia":[{"embeddable":true,"href":"https:\/\/panoramadelsur.com.ar\/index.php?rest_route=\/wp\/v2\/media\/39574"}],"wp:attachment":[{"href":"https:\/\/panoramadelsur.com.ar\/index.php?rest_route=%2Fwp%2Fv2%2Fmedia&parent=13037"}],"wp:term":[{"taxonomy":"category","embeddable":true,"href":"https:\/\/panoramadelsur.com.ar\/index.php?rest_route=%2Fwp%2Fv2%2Fcategories&post=13037"},{"taxonomy":"post_tag","embeddable":true,"href":"https:\/\/panoramadelsur.com.ar\/index.php?rest_route=%2Fwp%2Fv2%2Ftags&post=13037"}],"curies":[{"name":"wp","href":"https:\/\/api.w.org\/{rel}","templated":true}]}}