{"id":13043,"date":"2021-11-18T01:08:00","date_gmt":"2021-11-18T04:08:00","guid":{"rendered":"http:\/\/panoramadelsur.com.ar\/?p=13043"},"modified":"2021-11-17T23:59:09","modified_gmt":"2021-11-18T02:59:09","slug":"continuan-las-tareas-diarias-de-servicios-publicos-en-todo-el-distrito","status":"publish","type":"post","link":"https:\/\/panoramadelsur.com.ar\/?p=13043","title":{"rendered":"CONTIN\u00daAN LAS TAREAS DIARIAS DE SERVICIOS P\u00daBLICOS EN TODO EL DISTRITO"},"content":{"rendered":"\n<p class=\"wp-block-paragraph\">El Municipio de Quilmes contin\u00faa con los trabajos diarios de limpieza de arroyos, mantenimiento de los espacios p\u00fablicos, corte de pasto y desmalezado, erradicaci\u00f3n de basurales, levantamiento de ramas y mont\u00edculos y bacheo, entre otras tareas, en el marco del programa Quilmes Limpio, impulsado por la intendenta Mayra Mendoza.<\/p>\n\n\n\n<p class=\"wp-block-paragraph\">Durante la jornada del mi\u00e9rcoles, personal de la Secretar\u00eda de Servicio P\u00fablicos, a cargo de \u00c1ngel Garc\u00eda, con la utilizaci\u00f3n de maquinaria pesada, camiones y bateas, realiz\u00f3 labores de limpieza del arroyo Las Piedras, en su cruce con la calle 835, en San Francisco Solano.<\/p>\n\n\n\n<p class=\"wp-block-paragraph\">A su vez, en se concret\u00f3 un operativo de erradicaci\u00f3n de microbasurales sobre las calles 816 y 885, en el barrio La Matera, de Quilmes Oeste; y en las avenidas Pedemonte y Cabo Sessa, de Bernal Oeste. Mismas acciones de llevaron a cabo en Camino General Belgrano desde Lamadrid hasta Lynch, tambi\u00e9n en la zona oeste de Bernal.<\/p>\n\n\n\n<p class=\"wp-block-paragraph\">En tanto, contin\u00faan las tareas de bacheo en las calles del distrito. En esta ocasi\u00f3n, se trabaj\u00f3 en el desmote y preparaci\u00f3n de terreno en la avenida Carlos Pellegrini entre Acha y avenida La Plata, en Quilmes Oeste.<\/p>\n\n\n\n<p class=\"wp-block-paragraph\">En este contexto, cuadrillas municipales procedieron al corte y desmalezado en las plazoletas del barrio Los Cooperarios&nbsp; y en la plaza Tamborcito de Tacuar\u00ed, en Quilmes Oeste. A la vez, se realiz\u00f3 recolecci\u00f3n de ramas, limpieza y barrido en el barrio Jos\u00e9 Hern\u00e1ndez, sobre la calle 816 y la calle 822 desde Camino General Belgrano hasta el arroyo, y calle 822 en Quilmes Oeste. Por \u00faltimo, se desarrollaron trabajos de limpieza, corte y desmalezado en el Polideportivo Municipal.<\/p>\n","protected":false},"excerpt":{"rendered":"<p>El Municipio<\/p>\n","protected":false},"author":1,"featured_media":39574,"comment_status":"open","ping_status":"open","sticky":false,"template":"","format":"standard","meta":{"footnotes":""},"categories":[2],"tags":[],"class_list":["post-13043","post","type-post","status-publish","format-standard","has-post-thumbnail","hentry","category-quilmes"],"_links":{"self":[{"href":"https:\/\/panoramadelsur.com.ar\/index.php?rest_route=\/wp\/v2\/posts\/13043","targetHints":{"allow":["GET"]}}],"collection":[{"href":"https:\/\/panoramadelsur.com.ar\/index.php?rest_route=\/wp\/v2\/posts"}],"about":[{"href":"https:\/\/panoramadelsur.com.ar\/index.php?rest_route=\/wp\/v2\/types\/post"}],"author":[{"embeddable":true,"href":"https:\/\/panoramadelsur.com.ar\/index.php?rest_route=\/wp\/v2\/users\/1"}],"replies":[{"embeddable":true,"href":"https:\/\/panoramadelsur.com.ar\/index.php?rest_route=%2Fwp%2Fv2%2Fcomments&post=13043"}],"version-history":[{"count":1,"href":"https:\/\/panoramadelsur.com.ar\/index.php?rest_route=\/wp\/v2\/posts\/13043\/revisions"}],"predecessor-version":[{"id":13045,"href":"https:\/\/panoramadelsur.com.ar\/index.php?rest_route=\/wp\/v2\/posts\/13043\/revisions\/13045"}],"wp:featuredmedia":[{"embeddable":true,"href":"https:\/\/panoramadelsur.com.ar\/index.php?rest_route=\/wp\/v2\/media\/39574"}],"wp:attachment":[{"href":"https:\/\/panoramadelsur.com.ar\/index.php?rest_route=%2Fwp%2Fv2%2Fmedia&parent=13043"}],"wp:term":[{"taxonomy":"category","embeddable":true,"href":"https:\/\/panoramadelsur.com.ar\/index.php?rest_route=%2Fwp%2Fv2%2Fcategories&post=13043"},{"taxonomy":"post_tag","embeddable":true,"href":"https:\/\/panoramadelsur.com.ar\/index.php?rest_route=%2Fwp%2Fv2%2Ftags&post=13043"}],"curies":[{"name":"wp","href":"https:\/\/api.w.org\/{rel}","templated":true}]}}