{"id":13046,"date":"2021-11-18T01:10:00","date_gmt":"2021-11-18T04:10:00","guid":{"rendered":"http:\/\/panoramadelsur.com.ar\/?p=13046"},"modified":"2021-11-18T00:20:28","modified_gmt":"2021-11-18T03:20:28","slug":"brindaron-una-jornada-gratuita-de-actividad-fisica-y-kinesiologica-en-berazategui","status":"publish","type":"post","link":"https:\/\/panoramadelsur.com.ar\/?p=13046","title":{"rendered":"BRINDARON UNA JORNADA GRATUITA DE ACTIVIDAD F\u00cdSICA Y KINESIOL\u00d3GICA EN BERAZATEGUI"},"content":{"rendered":"\n<p class=\"wp-block-paragraph\"><strong>La Municipalidad de Berazategui, a trav\u00e9s de la Secretar\u00eda de Salud, llev\u00f3 adelante una jornada de actividad f\u00edsica y kinesiol\u00f3gica abierta y gratuita para la comunidad, fundamentalmente destinada a pacientes post COVID-19. Organizado conjuntamente con el Hospital Evita Pueblo y la Universidad Nacional Arturo Jauretche (UNAJ), el encuentro se desarroll\u00f3 al aire libre sobre Av. Agote, entre 366 y 367, donde un gran n\u00famero de vecinos y vecinas se acercaron para evaluar su situaci\u00f3n cardiopulmonar actual, a trav\u00e9s de diferentes test de marcha y flexibilidad.<\/strong><\/p>\n\n\n\n<p class=\"wp-block-paragraph\">El Dr. Pablo Costa, secretario de Salud P\u00fablica e Higiene del Municipio, coment\u00f3 acerca de la jornada: \u201cJunto al personal del Hospital Evita Pueblo y a voluntarios de la UNAJ, el Municipio brinda actividades aer\u00f3bicas y kinesiol\u00f3gicas destinadas a pacientes que han padecido COVID-19, que sufrieron patolog\u00edas respiratorias y han requerido internaci\u00f3n. A ellos se les hacen las pruebas de flexibilidad y saturaci\u00f3n de ox\u00edgeno ante una actividad aer\u00f3bica, para ver su funcionalidad. Ha sido una jornada muy fruct\u00edfera, estamos todos muy contentos. Esta articulaci\u00f3n tiene como objetivo seguir generando pol\u00edticas sanitarias\u201d.<\/p>\n\n\n\n<p class=\"wp-block-paragraph\">Por su parte, Homero D\u00edaz -director del Centro de Rehabilitaci\u00f3n Deportiva Municipal- explic\u00f3: \u201cEn los diferentes stands les explicamos el procedimiento y les hacemos los test. Luego se les entrega un tr\u00edptico con una devoluci\u00f3n de los valores y de aquello que deben mejorar. Estas acciones est\u00e1n avaladas por la OMS y dirigidas a mayores de 18 con evaluaciones para grupo etario\u201d.<\/p>\n\n\n\n<p class=\"wp-block-paragraph\">En tanto, H\u00e9ctor Ozuna, vecino de El Pato, describi\u00f3 su experiencia: \u201cVine a hacerme un test. Soy paciente del Hospital Evita en recuperaci\u00f3n, ya que padec\u00ed neumon\u00eda bilateral. Soy asm\u00e1tico y estuve internado luego de colapsar. Vine a esta jornada para probar mi estado f\u00edsico y me encontraron en buenas condiciones. Hice caminata y ejercicios. Me parece perfecto que se organice esto, es muy importante que todos se eval\u00faen. Estoy muy agradecido con el Municipio y el personal de salud\u201d.<\/p>\n","protected":false},"excerpt":{"rendered":"<p>La Municipalidad<\/p>\n","protected":false},"author":1,"featured_media":39574,"comment_status":"open","ping_status":"open","sticky":false,"template":"","format":"standard","meta":{"footnotes":""},"categories":[3],"tags":[],"class_list":["post-13046","post","type-post","status-publish","format-standard","has-post-thumbnail","hentry","category-regionales"],"_links":{"self":[{"href":"https:\/\/panoramadelsur.com.ar\/index.php?rest_route=\/wp\/v2\/posts\/13046","targetHints":{"allow":["GET"]}}],"collection":[{"href":"https:\/\/panoramadelsur.com.ar\/index.php?rest_route=\/wp\/v2\/posts"}],"about":[{"href":"https:\/\/panoramadelsur.com.ar\/index.php?rest_route=\/wp\/v2\/types\/post"}],"author":[{"embeddable":true,"href":"https:\/\/panoramadelsur.com.ar\/index.php?rest_route=\/wp\/v2\/users\/1"}],"replies":[{"embeddable":true,"href":"https:\/\/panoramadelsur.com.ar\/index.php?rest_route=%2Fwp%2Fv2%2Fcomments&post=13046"}],"version-history":[{"count":1,"href":"https:\/\/panoramadelsur.com.ar\/index.php?rest_route=\/wp\/v2\/posts\/13046\/revisions"}],"predecessor-version":[{"id":13048,"href":"https:\/\/panoramadelsur.com.ar\/index.php?rest_route=\/wp\/v2\/posts\/13046\/revisions\/13048"}],"wp:featuredmedia":[{"embeddable":true,"href":"https:\/\/panoramadelsur.com.ar\/index.php?rest_route=\/wp\/v2\/media\/39574"}],"wp:attachment":[{"href":"https:\/\/panoramadelsur.com.ar\/index.php?rest_route=%2Fwp%2Fv2%2Fmedia&parent=13046"}],"wp:term":[{"taxonomy":"category","embeddable":true,"href":"https:\/\/panoramadelsur.com.ar\/index.php?rest_route=%2Fwp%2Fv2%2Fcategories&post=13046"},{"taxonomy":"post_tag","embeddable":true,"href":"https:\/\/panoramadelsur.com.ar\/index.php?rest_route=%2Fwp%2Fv2%2Ftags&post=13046"}],"curies":[{"name":"wp","href":"https:\/\/api.w.org\/{rel}","templated":true}]}}