{"id":13055,"date":"2021-11-18T01:07:00","date_gmt":"2021-11-18T04:07:00","guid":{"rendered":"http:\/\/panoramadelsur.com.ar\/?p=13055"},"modified":"2021-11-18T00:43:35","modified_gmt":"2021-11-18T03:43:35","slug":"independiente-continuo-los-entrenamientos-con-la-mente-en-central-cordoba","status":"publish","type":"post","link":"https:\/\/panoramadelsur.com.ar\/?p=13055","title":{"rendered":"INDEPENDIENTE CONTINU\u00d3 LOS ENTRENAMIENTOS CON LA MENTE EN CENTRAL C\u00d3RDOBA"},"content":{"rendered":"\n<p class=\"wp-block-paragraph\">Independiente continu\u00f3 ayer con los entrenamientos en Villa Dom\u00ednico de cara al partido del pr\u00f3ximo s\u00e1bado, como visitante, ante Central C\u00f3rdoba de Santiago del Estero por la fecha 21 de la Liga Profesional de F\u00fatbol.<\/p>\n\n\n\n<p class=\"wp-block-paragraph\">El entrenador Julio Falcioni no par\u00f3 un equipo, pero es probable que repita la formaci\u00f3n que gole\u00f3 a Arsenal por 3 a 0 en la jornada pasada.<\/p>\n\n\n\n<p class=\"wp-block-paragraph\">Sebasti\u00e1n Sosa; Fabricio Bustos, Sergio Barreto, Juan Manuel Insaurralde y Gast\u00f3n Togni; Domingo Blanco, Lucas Romero y Alan So\u00f1ora; Andr\u00e9s Roa; Alan Velasco y Silvio Romero ser\u00edan los 11 del Rojo en Santiago del Estero.<\/p>\n\n\n\n<p class=\"wp-block-paragraph\">Falcioni tendr\u00e1 a disposici\u00f3n a varios jugadores que se recuperaron de distintas molestias como Lucas Rodr\u00edguez (molestia en el s\u00f3leo derecho), Ayrton Costa (desgarro b\u00edceps femoral derecho) y Braian Mart\u00ednez (distensi\u00f3n en aductor izquierdo).<\/p>\n\n\n\n<p class=\"wp-block-paragraph\">El defensor Gonzalo As\u00eds se entren\u00f3 de manera diferenciada, mientras se recupera en el aductor derecho.<\/p>\n\n\n\n<p class=\"wp-block-paragraph\">Independiente, que marcha octavo en la LPF con 31 puntos y se ilusiona con la clasificaci\u00f3n a la Copa Libertadores 2022, ir\u00e1 el s\u00e1bado por el segundo triunfo consecutivo cuando visite a Central C\u00f3rdoba de Santiago del Estero desde las 21.30 en el encuentro correspondiente a la fecha 21.<a href=\"javascript:void(0)\"><\/a><\/p>\n","protected":false},"excerpt":{"rendered":"<p>Independiente continu\u00f3<\/p>\n","protected":false},"author":1,"featured_media":39574,"comment_status":"open","ping_status":"open","sticky":false,"template":"","format":"standard","meta":{"footnotes":""},"categories":[6],"tags":[],"class_list":["post-13055","post","type-post","status-publish","format-standard","has-post-thumbnail","hentry","category-deportes"],"_links":{"self":[{"href":"https:\/\/panoramadelsur.com.ar\/index.php?rest_route=\/wp\/v2\/posts\/13055","targetHints":{"allow":["GET"]}}],"collection":[{"href":"https:\/\/panoramadelsur.com.ar\/index.php?rest_route=\/wp\/v2\/posts"}],"about":[{"href":"https:\/\/panoramadelsur.com.ar\/index.php?rest_route=\/wp\/v2\/types\/post"}],"author":[{"embeddable":true,"href":"https:\/\/panoramadelsur.com.ar\/index.php?rest_route=\/wp\/v2\/users\/1"}],"replies":[{"embeddable":true,"href":"https:\/\/panoramadelsur.com.ar\/index.php?rest_route=%2Fwp%2Fv2%2Fcomments&post=13055"}],"version-history":[{"count":1,"href":"https:\/\/panoramadelsur.com.ar\/index.php?rest_route=\/wp\/v2\/posts\/13055\/revisions"}],"predecessor-version":[{"id":13057,"href":"https:\/\/panoramadelsur.com.ar\/index.php?rest_route=\/wp\/v2\/posts\/13055\/revisions\/13057"}],"wp:featuredmedia":[{"embeddable":true,"href":"https:\/\/panoramadelsur.com.ar\/index.php?rest_route=\/wp\/v2\/media\/39574"}],"wp:attachment":[{"href":"https:\/\/panoramadelsur.com.ar\/index.php?rest_route=%2Fwp%2Fv2%2Fmedia&parent=13055"}],"wp:term":[{"taxonomy":"category","embeddable":true,"href":"https:\/\/panoramadelsur.com.ar\/index.php?rest_route=%2Fwp%2Fv2%2Fcategories&post=13055"},{"taxonomy":"post_tag","embeddable":true,"href":"https:\/\/panoramadelsur.com.ar\/index.php?rest_route=%2Fwp%2Fv2%2Ftags&post=13055"}],"curies":[{"name":"wp","href":"https:\/\/api.w.org\/{rel}","templated":true}]}}