{"id":13058,"date":"2021-11-18T01:08:00","date_gmt":"2021-11-18T04:08:00","guid":{"rendered":"http:\/\/panoramadelsur.com.ar\/?p=13058"},"modified":"2021-11-18T00:49:27","modified_gmt":"2021-11-18T03:49:27","slug":"dt-zielinski-cambiara-el-esquema-y-hara-dos-cambios-para-recibir-a-huracan","status":"publish","type":"post","link":"https:\/\/panoramadelsur.com.ar\/?p=13058","title":{"rendered":"DT ZIELINSKI CAMBIAR\u00c1 EL ESQUEMA Y HAR\u00c1 DOS CAMBIOS PARA RECIBIR A HURAC\u00c1N"},"content":{"rendered":"\n<p class=\"wp-block-paragraph\">El director t\u00e9cnico de Estudiantes de La Plata, Ricardo Zielinski, cambiar\u00e1 de esquema y realizar\u00e1 dos modificaciones para recibir a Hurac\u00e1n, el viernes pr\u00f3ximo por la 21ra. fecha de la Liga Profesional de F\u00fatbol (LPF), y ser\u00e1n los ingresos de Bautista Kociubinski y de Franco Zapiola, que jugar\u00e1 su primer partido desde el arranque.<\/p>\n\n\n\n<p class=\"wp-block-paragraph\">Kociubinski, categor\u00eda 2001, jugar\u00e1 su cuarto partido como titular, reemplazar\u00e1 a David Ayala que tuvo una molestia en el rodilla derecha y no ser\u00e1 arriesgado, mientras que Zapiola, tambi\u00e9n categor\u00eda 2001, de buenos ingresos, jugar\u00e1 como por primera vez como titular y en el nombre por nombre ingresar\u00e1 por Fernando Tobio.<\/p>\n\n\n\n<p class=\"wp-block-paragraph\">El defensor exBoca Juniors, Rosario Central y V\u00e9lez Sarsfield, fue titular ante River Plate y Lan\u00fas con un esquema de l\u00ednea de cinco pero est\u00e1 con molestias, no se entren\u00f3 con normalidad en estas dos semanas y quedar\u00e1 al margen. Ante esta situaci\u00f3n Zielinski volver\u00e1 a la l\u00ednea de 4.<\/p>\n\n\n\n<p class=\"wp-block-paragraph\">El entrenador ante algunas ausencias obligadas como las del \u00abCorcho\u00bb Jorge Rodr\u00edguez, que por una lesi\u00f3n en el tobillo izquierdo reci\u00e9n estar\u00e1 disponible para el a\u00f1o que viene, y la del uruguayo Manuel Castro, que evoluciona de su molestia en el tobillo derecho y que s\u00f3lo hizo unos pocos minutos de f\u00fatbol, retomar\u00e1 la l\u00ednea de 4 en el fondo.<\/p>\n\n\n\n<p class=\"wp-block-paragraph\">El probable equipo para recibir a Hurac\u00e1n ser\u00eda con Mariano And\u00fajar; Leonardo Godoy, Agust\u00edn Rogel, Fabi\u00e1n Noguera y Mat\u00edas Aguirregaray; Mat\u00edas Pellegrini, Kociubinski, Fernando Zuqui y Franco Zapiola; Gustavo Del Prete y Leandro D\u00edaz.<\/p>\n\n\n\n<p class=\"wp-block-paragraph\">Este jueves el plantel realizar\u00e1 el \u00faltimo ensayo y el t\u00e9cnico terminar\u00e1 de definir los 11 y la lista de jugadores convocados para intentar romper la racha de 8 partidos sin triunfos (6 empates y 2 derrotas) y de 5 empates consecutivos en condici\u00f3n de local.<\/p>\n","protected":false},"excerpt":{"rendered":"<p>El director<\/p>\n","protected":false},"author":1,"featured_media":39574,"comment_status":"open","ping_status":"open","sticky":false,"template":"","format":"standard","meta":{"footnotes":""},"categories":[6],"tags":[],"class_list":["post-13058","post","type-post","status-publish","format-standard","has-post-thumbnail","hentry","category-deportes"],"_links":{"self":[{"href":"https:\/\/panoramadelsur.com.ar\/index.php?rest_route=\/wp\/v2\/posts\/13058","targetHints":{"allow":["GET"]}}],"collection":[{"href":"https:\/\/panoramadelsur.com.ar\/index.php?rest_route=\/wp\/v2\/posts"}],"about":[{"href":"https:\/\/panoramadelsur.com.ar\/index.php?rest_route=\/wp\/v2\/types\/post"}],"author":[{"embeddable":true,"href":"https:\/\/panoramadelsur.com.ar\/index.php?rest_route=\/wp\/v2\/users\/1"}],"replies":[{"embeddable":true,"href":"https:\/\/panoramadelsur.com.ar\/index.php?rest_route=%2Fwp%2Fv2%2Fcomments&post=13058"}],"version-history":[{"count":1,"href":"https:\/\/panoramadelsur.com.ar\/index.php?rest_route=\/wp\/v2\/posts\/13058\/revisions"}],"predecessor-version":[{"id":13059,"href":"https:\/\/panoramadelsur.com.ar\/index.php?rest_route=\/wp\/v2\/posts\/13058\/revisions\/13059"}],"wp:featuredmedia":[{"embeddable":true,"href":"https:\/\/panoramadelsur.com.ar\/index.php?rest_route=\/wp\/v2\/media\/39574"}],"wp:attachment":[{"href":"https:\/\/panoramadelsur.com.ar\/index.php?rest_route=%2Fwp%2Fv2%2Fmedia&parent=13058"}],"wp:term":[{"taxonomy":"category","embeddable":true,"href":"https:\/\/panoramadelsur.com.ar\/index.php?rest_route=%2Fwp%2Fv2%2Fcategories&post=13058"},{"taxonomy":"post_tag","embeddable":true,"href":"https:\/\/panoramadelsur.com.ar\/index.php?rest_route=%2Fwp%2Fv2%2Ftags&post=13058"}],"curies":[{"name":"wp","href":"https:\/\/api.w.org\/{rel}","templated":true}]}}