{"id":13068,"date":"2021-11-18T10:16:13","date_gmt":"2021-11-18T13:16:13","guid":{"rendered":"http:\/\/panoramadelsur.com.ar\/?p=13068"},"modified":"2021-11-18T10:16:14","modified_gmt":"2021-11-18T13:16:14","slug":"el-gobierno-bonaerense-envio-mas-de-400-mil-nuevos-turnos-para-vacunas-pediatricas-contra-covid-19","status":"publish","type":"post","link":"https:\/\/panoramadelsur.com.ar\/?p=13068","title":{"rendered":"EL GOBIERNO BONAERENSE ENVI\u00d3 M\u00c1S DE 400 MIL NUEVOS TURNOS PARA VACUNAS PEDI\u00c1TRICAS CONTRA COVID-19"},"content":{"rendered":"\n<p class=\"wp-block-paragraph\">El Gobierno bonaerense env\u00edo hoy 435.492 turnos de vacunas pedi\u00e1tricas contra el coronavirus, inform\u00f3 el gobernador de la provincia de Buenos Aires, Axel Kicillof.<\/p>\n\n\n\n<p class=\"wp-block-paragraph\">\u00abSe est\u00e1n enviando nuevos turnos para la vacunaci\u00f3n de chicos y chicas: 49.135 para la 1ra dosis y 386.357 para la 2da dosis\u00bb, poste\u00f3 el mandatario en Twitter.<\/p>\n\n\n\n<p class=\"wp-block-paragraph\">En ese sentido, en declaraciones a radio 10, el gobernador de la provincia de Buenos Aires dijo hoy: \u00abVamos a seguir vacunando intensamente, necesitamos que siga habiendo conciencia aun sin tanta circulaci\u00f3n del virus\u00bb.<\/p>\n","protected":false},"excerpt":{"rendered":"<p>El Gobierno<\/p>\n","protected":false},"author":1,"featured_media":39574,"comment_status":"open","ping_status":"open","sticky":false,"template":"","format":"standard","meta":{"footnotes":""},"categories":[5],"tags":[],"class_list":["post-13068","post","type-post","status-publish","format-standard","has-post-thumbnail","hentry","category-provincia"],"_links":{"self":[{"href":"https:\/\/panoramadelsur.com.ar\/index.php?rest_route=\/wp\/v2\/posts\/13068","targetHints":{"allow":["GET"]}}],"collection":[{"href":"https:\/\/panoramadelsur.com.ar\/index.php?rest_route=\/wp\/v2\/posts"}],"about":[{"href":"https:\/\/panoramadelsur.com.ar\/index.php?rest_route=\/wp\/v2\/types\/post"}],"author":[{"embeddable":true,"href":"https:\/\/panoramadelsur.com.ar\/index.php?rest_route=\/wp\/v2\/users\/1"}],"replies":[{"embeddable":true,"href":"https:\/\/panoramadelsur.com.ar\/index.php?rest_route=%2Fwp%2Fv2%2Fcomments&post=13068"}],"version-history":[{"count":1,"href":"https:\/\/panoramadelsur.com.ar\/index.php?rest_route=\/wp\/v2\/posts\/13068\/revisions"}],"predecessor-version":[{"id":13070,"href":"https:\/\/panoramadelsur.com.ar\/index.php?rest_route=\/wp\/v2\/posts\/13068\/revisions\/13070"}],"wp:featuredmedia":[{"embeddable":true,"href":"https:\/\/panoramadelsur.com.ar\/index.php?rest_route=\/wp\/v2\/media\/39574"}],"wp:attachment":[{"href":"https:\/\/panoramadelsur.com.ar\/index.php?rest_route=%2Fwp%2Fv2%2Fmedia&parent=13068"}],"wp:term":[{"taxonomy":"category","embeddable":true,"href":"https:\/\/panoramadelsur.com.ar\/index.php?rest_route=%2Fwp%2Fv2%2Fcategories&post=13068"},{"taxonomy":"post_tag","embeddable":true,"href":"https:\/\/panoramadelsur.com.ar\/index.php?rest_route=%2Fwp%2Fv2%2Ftags&post=13068"}],"curies":[{"name":"wp","href":"https:\/\/api.w.org\/{rel}","templated":true}]}}