{"id":13073,"date":"2021-11-18T10:25:11","date_gmt":"2021-11-18T13:25:11","guid":{"rendered":"http:\/\/panoramadelsur.com.ar\/?p=13073"},"modified":"2021-11-18T10:25:12","modified_gmt":"2021-11-18T13:25:12","slug":"kicillof-el-resultado-de-la-eleccion-da-energia-para-seguir-por-el-camino-de-la-reconstruccion","status":"publish","type":"post","link":"https:\/\/panoramadelsur.com.ar\/?p=13073","title":{"rendered":"KICILLOF: \u00abEL RESULTADO DE LA ELECCI\u00d3N DA ENERG\u00cdA PARA SEGUIR POR EL CAMINO DE LA RECONSTRUCCI\u00d3N\u00bb"},"content":{"rendered":"\n<p class=\"wp-block-paragraph\">El gobernador bonaerense, Axel Kicillof, afirm\u00f3 hoy que el resultado de las elecciones del domingo pasado le otorgan al Frente de Todos (FdT) una \u00abenerg\u00eda para seguir por el camino de reconstrucci\u00f3n y transformaci\u00f3n en esta segunda etapa\u00bb de gesti\u00f3n, y opin\u00f3 que las \u00abexpectativas\u00bb en Juntos por el Cambio (JxC) \u00abse vieron defraudadas\u00bb y \u00abpor eso hay mucho pase de factura entre ellos\u00bb.<\/p>\n\n\n\n<p class=\"wp-block-paragraph\">\u00abConseguimos una remontada importante. Ahora, tenemos que salir adelante con el trabajo inmenso que haremos sin descanso\u00bb, dijo el mandatario en declaraciones a Radio 10.<\/p>\n\n\n\n<p class=\"wp-block-paragraph\">El gobernador analiz\u00f3 que Juntos \u00abten\u00eda previsto ensanchar la diferencia\u00bb obtenida en las elecciones primarias del 12 de septiembre, por lo que \u00abhablaban de diez puntos de diferencia y como no se cumpli\u00f3 lo que esperaron y vaticinaron, tienen tanto l\u00edo\u00bb.<\/p>\n\n\n\n<p class=\"wp-block-paragraph\">\u00abFallaron en su estrategia electoral: cu\u00e1les eran los referentes que ten\u00edan que dar la cara o si falt\u00f3 m\u00e1s o menos derecha, y no pudieron generar m\u00e1s distancia\u00bb, continu\u00f3 Kicillof.<\/p>\n\n\n\n<p class=\"wp-block-paragraph\">Critic\u00f3 luego que la exgobernadora Mar\u00eda Eugenia Vidal haya dicho en campa\u00f1a que JxC deseaba \u00abtomar el manejo de las C\u00e1maras\u00bb y el exmandatario Mauricio Macri haya hablado de \u00abiniciar una transici\u00f3n ordenada\u00bb.<\/p>\n\n\n\n<p class=\"wp-block-paragraph\">\u00abSus expectativas se vieron defraudadas, por eso hay mucho pase de factura entre ellos. En cambio, nosotros fuimos muy prudentes y trabajamos muy intensamente porque el tema no era remontar una elecci\u00f3n sino los 6 a\u00f1os de crisis acumulados, cuatro de macrismo y dos de pandemia\u00bb de coronavirus, remarc\u00f3.<\/p>\n\n\n\n<p class=\"wp-block-paragraph\">El mandatario ponder\u00f3 adem\u00e1s que la diferencia en la provincia de Buenos Aires haya sido de apenas 1,20 en favor de Juntos, y remarc\u00f3 que \u00abdesde el punto de vista de los legisladores, en Diputados hubo un empate y en el Senado se recuperaron tres bancas\u00bb.<\/p>\n\n\n\n<p class=\"wp-block-paragraph\">\u00abEn el Senado hab\u00eda 26 legisladores de Juntos y 20 del FdT, y hoy quedamos 23 a 23. Es una situaci\u00f3n mucho m\u00e1s favorable que la que ten\u00edamos al inicio de la gesti\u00f3n. Hay motivos para festejar\u00bb, complet\u00f3 el gobernador.<\/p>\n\n\n\n<p class=\"wp-block-paragraph\">En ese marco, Kicillof reflexion\u00f3 que \u00abla recuperaci\u00f3n de senadores tuvo que ver con el trabajo que se hizo en la Primera secci\u00f3n, Cuarta y S\u00e9ptima, donde hubo un inmenso esfuerzo de los candidatos y de los intendentes\u00bb<\/p>\n\n\n\n<p class=\"wp-block-paragraph\">Y en ese sentido, a\u00f1adi\u00f3: \u00abLa clave fue que Naci\u00f3n, la Provincia y los municipios de esas secciones actuaron articuladamente con medidas que llegaron a la gente\u00bb.<\/p>\n\n\n\n<p class=\"wp-block-paragraph\">Posteriormente, expuso que desde ahora, \u00abel camino es no s\u00f3lo volver a antes de la pandemia, este a\u00f1o creceremos 9 puntos, sino que ese beneficio en lo macro llegue a todos los sectores\u00bb.<\/p>\n\n\n\n<p class=\"wp-block-paragraph\">Kicillof cont\u00f3 que tras celebrar el D\u00eda de la Militancia en Plaza de Mayo, ayer particip\u00f3 de la cena que se llev\u00f3 a cabo en la Residencia presidencial de Olivos con el presidente Alberto Fern\u00e1ndez e intendentes bonaerenses.<\/p>\n\n\n\n<p class=\"wp-block-paragraph\">Al ser consultado al respecto, el mandatario detall\u00f3 que en ese encuentro se analiz\u00f3 el resultado electoral y se habl\u00f3 \u00abde seguir potenciando la obra p\u00fablica, seguir trabajando en el interior de la provincia con parques industriales, obras, rutas y universidades\u00bb.<\/p>\n\n\n\n<p class=\"wp-block-paragraph\">\u00abHay dos modelos de pa\u00eds: nosotros creemos en un Estado presente que tambi\u00e9n impulse y, del otro lado est\u00e1n los que endeudaron, ajustaron, redujeron salarios y quitaron derechos\u00bb, opin\u00f3 e indic\u00f3 que \u00abcon ese modelo no hay recuperaci\u00f3n, no mejoran las condiciones de vida\u00bb.<\/p>\n\n\n\n<p class=\"wp-block-paragraph\">Cuando se le pregunt\u00f3 sobre las negociaciones con el Fondo Monetario Internacional (FMI), el gobernador plante\u00f3: \u00abAlberto anunci\u00f3 que en diciembre enviar\u00e1 una propuesta de Argentina al Congreso para discutir porque cualquier negociaci\u00f3n con el Fondo tiene que pasar por el Parlamento\u00bb.<\/p>\n\n\n\n<p class=\"wp-block-paragraph\">\u00abEntre las definiciones grandes, dijo que ning\u00fan acuerdo con el Fondo puede ser a expensas de esta recuperaci\u00f3n. No puede ser un programa que genere en medio de tantas necesidades m\u00e1s p\u00e9rdidas de condiciones de vida\u00bb, asever\u00f3.<\/p>\n\n\n\n<p class=\"wp-block-paragraph\">En ese contexto, resalt\u00f3 que lanzar\u00e1 \u00abuna serie de planes para acelerar y profundizar la reconstrucci\u00f3n\u00bb para los dos a\u00f1os de mandato que restan.<\/p>\n\n\n\n<p class=\"wp-block-paragraph\">\u00abTuvimos que dedicarnos a la pandemia, pero ahora ser\u00e1n dos a\u00f1os intensos porque la situaci\u00f3n social est\u00e1 muy mal y hay que hacer todo lo que se pueda para que eso mejore lo m\u00e1s r\u00e1pido posible\u00bb, manifest\u00f3 Kicillof.<\/p>\n","protected":false},"excerpt":{"rendered":"<p>El gobernador<\/p>\n","protected":false},"author":1,"featured_media":39574,"comment_status":"open","ping_status":"open","sticky":false,"template":"","format":"standard","meta":{"footnotes":""},"categories":[5],"tags":[],"class_list":["post-13073","post","type-post","status-publish","format-standard","has-post-thumbnail","hentry","category-provincia"],"_links":{"self":[{"href":"https:\/\/panoramadelsur.com.ar\/index.php?rest_route=\/wp\/v2\/posts\/13073","targetHints":{"allow":["GET"]}}],"collection":[{"href":"https:\/\/panoramadelsur.com.ar\/index.php?rest_route=\/wp\/v2\/posts"}],"about":[{"href":"https:\/\/panoramadelsur.com.ar\/index.php?rest_route=\/wp\/v2\/types\/post"}],"author":[{"embeddable":true,"href":"https:\/\/panoramadelsur.com.ar\/index.php?rest_route=\/wp\/v2\/users\/1"}],"replies":[{"embeddable":true,"href":"https:\/\/panoramadelsur.com.ar\/index.php?rest_route=%2Fwp%2Fv2%2Fcomments&post=13073"}],"version-history":[{"count":1,"href":"https:\/\/panoramadelsur.com.ar\/index.php?rest_route=\/wp\/v2\/posts\/13073\/revisions"}],"predecessor-version":[{"id":13075,"href":"https:\/\/panoramadelsur.com.ar\/index.php?rest_route=\/wp\/v2\/posts\/13073\/revisions\/13075"}],"wp:featuredmedia":[{"embeddable":true,"href":"https:\/\/panoramadelsur.com.ar\/index.php?rest_route=\/wp\/v2\/media\/39574"}],"wp:attachment":[{"href":"https:\/\/panoramadelsur.com.ar\/index.php?rest_route=%2Fwp%2Fv2%2Fmedia&parent=13073"}],"wp:term":[{"taxonomy":"category","embeddable":true,"href":"https:\/\/panoramadelsur.com.ar\/index.php?rest_route=%2Fwp%2Fv2%2Fcategories&post=13073"},{"taxonomy":"post_tag","embeddable":true,"href":"https:\/\/panoramadelsur.com.ar\/index.php?rest_route=%2Fwp%2Fv2%2Ftags&post=13073"}],"curies":[{"name":"wp","href":"https:\/\/api.w.org\/{rel}","templated":true}]}}