{"id":13076,"date":"2021-11-19T01:05:00","date_gmt":"2021-11-19T04:05:00","guid":{"rendered":"http:\/\/panoramadelsur.com.ar\/?p=13076"},"modified":"2021-11-18T15:59:26","modified_gmt":"2021-11-18T18:59:26","slug":"kicillof-celebro-que-11-millones-de-bonaerenses-tienen-su-esquema-de-vacunacion-completa","status":"publish","type":"post","link":"https:\/\/panoramadelsur.com.ar\/?p=13076","title":{"rendered":"KICILLOF CELEBR\u00d3 QUE 11 MILLONES DE BONAERENSES TIENEN SU ESQUEMA DE VACUNACI\u00d3N COMPLETA"},"content":{"rendered":"\n<p class=\"wp-block-paragraph\">El gobernador bonaerense Axel Kicillof celebr\u00f3 que ya son 11 millones los y las bonaerenses que cuentan con la aplicaci\u00f3n de dos dosis de la vacuna contra el coronavirus y pidi\u00f3 seguir vacun\u00e1ndose.<\/p>\n\n\n\n<p class=\"wp-block-paragraph\">\u00abCon mucho orgullo quiero contarles que llegamos a las 11 millones de personas vacunadas con dos dosis. Es importante seguir vacun\u00e1ndose para avanzar en la reconstrucci\u00f3n de la Provincia. \u00a1Gracias a todos y todas por poner el hombro!\u00bb, escribi\u00f3 Kicillof en su cuenta oficial de Twitter.<\/p>\n\n\n\n<p class=\"wp-block-paragraph\">El gobernador acompa\u00f1\u00f3 este posteo con una foto de una mujer y una ni\u00f1a, ambas exhibiendo su certificado de vacunaci\u00f3n.<\/p>\n\n\n\n<p class=\"wp-block-paragraph\">Los contagiados desde el comienzo de la pandemia se elevaron a 2.079.020, inform\u00f3 el Ministerio de Salud bonaerense.<\/p>\n\n\n\n<p class=\"wp-block-paragraph\">La cartera sanitaria precis\u00f3, adem\u00e1s, que los fallecidos suman 55.042 y detall\u00f3 que el mi\u00e9rcoles se vacun\u00f3 a 121.423 personas.<\/p>\n\n\n\n<p class=\"wp-block-paragraph\">El total de inscriptos para vacunarse es de 15.133.406 y el total de vacunas aplicadas hasta el momento es de 25.427.123 de las cuales 13.940.917 corresponden a la primera dosis, 11.028.613 a la segunda y 457.593 a la tercera dosis.<\/p>\n\n\n\n<p class=\"wp-block-paragraph\">Las autoridades de la provincia de Buenos Aires recordaron que todas las personas de entre 3 y 17 a\u00f1os pueden inscribirse en https:\/\/vacunatepba.gba.gob.ar\/ o a trav\u00e9s de la aplicaci\u00f3n VacunatePBA para inmunizarse contra la Covid-19.<\/p>\n\n\n\n<p class=\"wp-block-paragraph\">Se aclar\u00f3 que ser\u00e1 indispensable que los ni\u00f1os y ni\u00f1as de 3 a 12 a\u00f1os cuenten con el consentimiento de sus padres o responsables afectivos para recibir la dosis.<\/p>\n\n\n\n<p class=\"wp-block-paragraph\">En tanto, los mayores de 18 a\u00f1os cuentan con la posibilidad de acceder a la denominada \u00abvacunaci\u00f3n libre\u00bb dirigi\u00e9ndose sin turno a cualquiera de los 400 puntos donde se aplican las vacunas contra el coronavirus s\u00f3lo con DNI que acredite domicilio en la provincia, para recibir su primera o segunda.<\/p>\n","protected":false},"excerpt":{"rendered":"<p>El gobernador<\/p>\n","protected":false},"author":1,"featured_media":39574,"comment_status":"open","ping_status":"open","sticky":false,"template":"","format":"standard","meta":{"footnotes":""},"categories":[5],"tags":[],"class_list":["post-13076","post","type-post","status-publish","format-standard","has-post-thumbnail","hentry","category-provincia"],"_links":{"self":[{"href":"https:\/\/panoramadelsur.com.ar\/index.php?rest_route=\/wp\/v2\/posts\/13076","targetHints":{"allow":["GET"]}}],"collection":[{"href":"https:\/\/panoramadelsur.com.ar\/index.php?rest_route=\/wp\/v2\/posts"}],"about":[{"href":"https:\/\/panoramadelsur.com.ar\/index.php?rest_route=\/wp\/v2\/types\/post"}],"author":[{"embeddable":true,"href":"https:\/\/panoramadelsur.com.ar\/index.php?rest_route=\/wp\/v2\/users\/1"}],"replies":[{"embeddable":true,"href":"https:\/\/panoramadelsur.com.ar\/index.php?rest_route=%2Fwp%2Fv2%2Fcomments&post=13076"}],"version-history":[{"count":1,"href":"https:\/\/panoramadelsur.com.ar\/index.php?rest_route=\/wp\/v2\/posts\/13076\/revisions"}],"predecessor-version":[{"id":13078,"href":"https:\/\/panoramadelsur.com.ar\/index.php?rest_route=\/wp\/v2\/posts\/13076\/revisions\/13078"}],"wp:featuredmedia":[{"embeddable":true,"href":"https:\/\/panoramadelsur.com.ar\/index.php?rest_route=\/wp\/v2\/media\/39574"}],"wp:attachment":[{"href":"https:\/\/panoramadelsur.com.ar\/index.php?rest_route=%2Fwp%2Fv2%2Fmedia&parent=13076"}],"wp:term":[{"taxonomy":"category","embeddable":true,"href":"https:\/\/panoramadelsur.com.ar\/index.php?rest_route=%2Fwp%2Fv2%2Fcategories&post=13076"},{"taxonomy":"post_tag","embeddable":true,"href":"https:\/\/panoramadelsur.com.ar\/index.php?rest_route=%2Fwp%2Fv2%2Ftags&post=13076"}],"curies":[{"name":"wp","href":"https:\/\/api.w.org\/{rel}","templated":true}]}}