{"id":13082,"date":"2021-11-19T01:07:00","date_gmt":"2021-11-19T04:07:00","guid":{"rendered":"http:\/\/panoramadelsur.com.ar\/?p=13082"},"modified":"2021-11-18T16:18:05","modified_gmt":"2021-11-18T19:18:05","slug":"argentinos-recibira-este-viernes-a-godoy-cruz-en-la-paternal-por-la-liga-profesional","status":"publish","type":"post","link":"https:\/\/panoramadelsur.com.ar\/?p=13082","title":{"rendered":"ARGENTINOS RECIBIR\u00c1 ESTE VIERNES A GODOY CRUZ EN LA PATERNAL POR LA LIGA PROFESIONAL"},"content":{"rendered":"\n<p>Argentinos Juniors ser\u00e1 local este viernes en el estadio Diego Armando Maradona ante Godoy Cruz de Mendoza, en uno de los partidos que le dar\u00e1n continuidad a la fecha 21 de la Liga Profesional.<\/p>\n\n\n\n<p>El encuentro se jugar\u00e1 este viernes desde las 21.30, ser\u00e1 arbitrado por Pablo Echavarr\u00eda y televisado por la se\u00f1al Fox Sports Premium.<\/p>\n\n\n\n<p>Argentinos Juniors (25 puntos) buscar\u00e1 volver al triunfo ante el equipo mendocino. El \u00abBicho\u00bb viene de empatar 1 a 1 con Hurac\u00e1n y el entrenador Gabriel Milito contar\u00e1 para este viernes con la vuelta de Fausto Vera al equipo titular pero no podr\u00e1 tener disponible a Miguel Torren lesionado.<\/p>\n\n\n\n<p>Godoy Cruz (26) que se prepara para la semifinal por la Copa Argentina ante Talleres a jugarse el 1 de diciembre en San Luis, llega a La Paternal luego de una derrota ante los cordobeses por 2 a 0.<\/p>\n\n\n\n<p>El entrenador Diego Flores contar\u00e1 este viernes con Nicol\u00e1s S\u00e1nchez en reemplazo de Leo Gonz\u00e1lez.<\/p>\n\n\n\n<p>+ Probables formaciones +<\/p>\n\n\n\n<p>Argentinos Juniors: Federico Lanzillota, Kevin MacAllister, Pablo Minissale y Lucas Villalba; Javier Cabrera, Gabriel Florent\u00edn, Franco Moyano, El\u00edas G\u00f3mez y Gabriel Carabajal; Gabriel \u00c1valos y Nicol\u00e1s Reniero. DT: Gabriel Milito<\/p>\n\n\n\n<p>Godoy Cruz: Juan Esp\u00ednola; El\u00edas L\u00f3pez, Guillermo Ortiz, Nicol\u00e1s S\u00e1nchez y Dami\u00e1n P\u00e9rez; Nelson Acevedo, Gonzalo \u00c1brego, Mart\u00edn Ojeda y Ezequiel Bullaude, Valent\u00edn Burgoa y Tom\u00e1s Badaloni. DT: Diego Flores.<\/p>\n\n\n\n<p>\u00c1rbitro: Pablo Echavarr\u00eda.<\/p>\n\n\n\n<p>Cancha: Diego Armando Maradona, de Argentinos Juniors.<\/p>\n\n\n\n<p>Hora de inicio: 21.30<\/p>\n\n\n\n<p>TV: Fox Sports Premium.<a href=\"javascript:void(0)\"><\/a><\/p>\n","protected":false},"excerpt":{"rendered":"<p>Argentinos Juniors<\/p>\n","protected":false},"author":1,"featured_media":39574,"comment_status":"open","ping_status":"open","sticky":false,"template":"","format":"standard","meta":{"footnotes":""},"categories":[6],"tags":[],"class_list":["post-13082","post","type-post","status-publish","format-standard","has-post-thumbnail","hentry","category-deportes"],"_links":{"self":[{"href":"https:\/\/panoramadelsur.com.ar\/index.php?rest_route=\/wp\/v2\/posts\/13082","targetHints":{"allow":["GET"]}}],"collection":[{"href":"https:\/\/panoramadelsur.com.ar\/index.php?rest_route=\/wp\/v2\/posts"}],"about":[{"href":"https:\/\/panoramadelsur.com.ar\/index.php?rest_route=\/wp\/v2\/types\/post"}],"author":[{"embeddable":true,"href":"https:\/\/panoramadelsur.com.ar\/index.php?rest_route=\/wp\/v2\/users\/1"}],"replies":[{"embeddable":true,"href":"https:\/\/panoramadelsur.com.ar\/index.php?rest_route=%2Fwp%2Fv2%2Fcomments&post=13082"}],"version-history":[{"count":1,"href":"https:\/\/panoramadelsur.com.ar\/index.php?rest_route=\/wp\/v2\/posts\/13082\/revisions"}],"predecessor-version":[{"id":13084,"href":"https:\/\/panoramadelsur.com.ar\/index.php?rest_route=\/wp\/v2\/posts\/13082\/revisions\/13084"}],"wp:featuredmedia":[{"embeddable":true,"href":"https:\/\/panoramadelsur.com.ar\/index.php?rest_route=\/wp\/v2\/media\/39574"}],"wp:attachment":[{"href":"https:\/\/panoramadelsur.com.ar\/index.php?rest_route=%2Fwp%2Fv2%2Fmedia&parent=13082"}],"wp:term":[{"taxonomy":"category","embeddable":true,"href":"https:\/\/panoramadelsur.com.ar\/index.php?rest_route=%2Fwp%2Fv2%2Fcategories&post=13082"},{"taxonomy":"post_tag","embeddable":true,"href":"https:\/\/panoramadelsur.com.ar\/index.php?rest_route=%2Fwp%2Fv2%2Ftags&post=13082"}],"curies":[{"name":"wp","href":"https:\/\/api.w.org\/{rel}","templated":true}]}}